{"id":70,"date":"2026-04-30T01:35:53","date_gmt":"2026-04-30T04:35:53","guid":{"rendered":"https:\/\/digital1s3.perdigital.cl\/sitio1\/?p=70"},"modified":"2026-04-30T01:35:56","modified_gmt":"2026-04-30T04:35:56","slug":"la-mirada-innovadora-de-la-revista-paula","status":"publish","type":"post","link":"https:\/\/digital1s3.perdigital.cl\/sitio1\/2026\/04\/30\/la-mirada-innovadora-de-la-revista-paula\/","title":{"rendered":"La mirada innovadora de la revista Paula"},"content":{"rendered":"\n<p>Por Valentina Soto<\/p>\n\n\n\n<p><strong>Una propuesta innovadora<\/strong><\/p>\n\n\n\n<p>La creaci\u00f3n de la revista Paula en 1967 signific\u00f3 una ruptura dentro de la prensa femenina en Chile, ya que, a diferencia de otras publicaciones de la \u00e9poca, las cuales se centraban en el hogar y los roles tradicionales, propuso una l\u00ednea editorial <strong>moderna<\/strong> que ten\u00eda como objetivo representar a la mujer desde una perspectiva m\u00e1s <strong>real<\/strong>, <strong>cr\u00edtica<\/strong> y acorde a los cambios sociales que comenzaban a surgir.<\/p>\n\n\n\n<p><strong>Temas tab\u00fa y mirada cr\u00edtica<\/strong><\/p>\n\n\n\n<p><img decoding=\"async\" height=\"196.0\" width=\"140.0\" src=\"https:\/\/lh7-rt.googleusercontent.com\/docsz\/AD_4nXdCf-19xTQEtV-ngj9x8FYJ00UUiBn3imodww9x1XDY2XlpxdsxKfKc5kEJslfDMwMCVtak6c2Vu0pqqLUj106uuborGeBkD7Qn7ROVMdaTjlL-vBV6bRs_45SrM1DPw59hzPtp=s2048?key=FhaAGPNzK-3KVqnbUxW9Zg\"><img decoding=\"async\" height=\"196.0\" width=\"140.0\" src=\"https:\/\/lh7-rt.googleusercontent.com\/docsz\/AD_4nXc66ymrL32y4bJYoROmY1iAK9jvbTfvTYRvKzXiOYx_vkZkg6cj_JKILX9xi5jnbTwk3AvSe5GTR06hI5bpJTtMq69P6KDyZ_IUSlV34ti0v24FPIu8ZvNONPiYgn-ER15ctfZCGA=s2048?key=FhaAGPNzK-3KVqnbUxW9Zg\"><\/p>\n\n\n\n<p class=\"has-small-font-size\">Ejemplares originales de la revista Paula, extra\u00eddos de Memoria Chilena<\/p>\n\n\n\n<p>Uno de los rasgos m\u00e1s destacados dentro de su l\u00ednea editorial fue la inclusi\u00f3n de temas considerados pol\u00e9micos para la sociedad, como la <strong>sexualidad<\/strong>, el <strong>aborto<\/strong>, la <strong>infidelidad<\/strong> y el uso de <strong>anticonceptivos<\/strong>, lo que hizo ampliar el debate p\u00fablico acerca de la vida de las mujeres y as\u00ed poder visibilizar problem\u00e1ticas que antes eran tratadas como temas inapropiados.&nbsp;<\/p>\n\n\n\n<p><strong>Influencia del nuevo periodismo<\/strong>&nbsp;<\/p>\n\n\n\n<p>Otro aspecto clave fue su estilo period\u00edstico, ya que Paula adopt\u00f3 un <strong>enfoque m\u00e1s cercano<\/strong> y narrativo vinculado al \u201cnuevo periodismo\u201d, produciendo contenidos en Chile que abordaban realidades concretas dentro del pa\u00eds, tales como la pobreza, la juventud y los cambios culturales, lo que hizo que se situara como uno de los medios m\u00e1s relevantes dentro del \u00e1mbito femenino.<\/p>\n\n\n\n<p><strong>Equilibrio entre lo tradicional y lo moderno<\/strong><\/p>\n\n\n\n<p>A pesar de su car\u00e1cter innovador, la revista mantuvo secciones cl\u00e1sicas como la moda, belleza y cocina, pero a diferencia del resto, esta las present\u00f3 desde una mirada renovada, con una <strong>est\u00e9tica m\u00e1s actualizada y menos conservadora<\/strong>, promoviendo nuevos modelos de feminidad que reflejaban de mejor manera las transformaciones sociales de la \u00e9poca.<\/p>\n\n\n\n<p><strong>Una voz para la mujer contempor\u00e1nea&nbsp;<\/strong><\/p>\n\n\n\n<p>Finalmente, la l\u00ednea editorial de Paula destac\u00f3 por su compromiso con la transformaci\u00f3n social, promoviendo una imagen de <strong>mujer aut\u00f3noma, informada y activa<\/strong> dentro de la sociedad, lo que le permiti\u00f3 a la revista convertirse en un referente cultural dentro de la comunidad chilena.<\/p>\n\n\n\n<p>En conjunto, la l\u00ednea editorial de la revista Paula se defini\u00f3 por su car\u00e1cter cr\u00edtico, innovador y conectado con su contexto, consolid\u00e1ndose como un espacio de debate y cambio que ayud\u00f3 a redefinir la identidad femenina dentro de nuestro pa\u00eds.<\/p>\n\n\n\n<p><\/p>\n","protected":false},"excerpt":{"rendered":"<p>Paula es una revista con una l\u00ednea editorial innovadora y cr\u00edtica, abordando temas tab\u00fa y promoviendo una visi\u00f3n moderna de la mujer. <\/p>\n","protected":false},"author":5,"featured_media":71,"comment_status":"open","ping_status":"open","sticky":false,"template":"","format":"standard","meta":{"footnotes":""},"categories":[7],"tags":[9,5,4,3,6],"class_list":["post-70","post","type-post","status-publish","format-standard","has-post-thumbnail","hentry","category-conociendo-paula","tag-feminismo-chileno","tag-medios-digitales","tag-periodismo-chileno","tag-revista-paula","tag-revistas"],"yoast_head":"<!-- This site is optimized with the Yoast SEO plugin v27.0 - https:\/\/yoast.com\/product\/yoast-seo-wordpress\/ -->\n<title>La mirada innovadora de la revista Paula - sitio1<\/title>\n<meta name=\"robots\" content=\"index, follow, max-snippet:-1, max-image-preview:large, max-video-preview:-1\" \/>\n<link rel=\"canonical\" href=\"https:\/\/digital1s3.perdigital.cl\/sitio1\/2026\/04\/30\/la-mirada-innovadora-de-la-revista-paula\/\" \/>\n<meta property=\"og:locale\" content=\"es_ES\" \/>\n<meta property=\"og:type\" content=\"article\" \/>\n<meta property=\"og:title\" content=\"La mirada innovadora de la revista Paula - sitio1\" \/>\n<meta property=\"og:description\" content=\"Paula es una revista con una l\u00ednea editorial innovadora y cr\u00edtica, abordando temas tab\u00fa y promoviendo una visi\u00f3n moderna de la mujer.\" \/>\n<meta property=\"og:url\" content=\"https:\/\/digital1s3.perdigital.cl\/sitio1\/2026\/04\/30\/la-mirada-innovadora-de-la-revista-paula\/\" \/>\n<meta property=\"og:site_name\" content=\"sitio1\" \/>\n<meta property=\"article:published_time\" content=\"2026-04-30T04:35:53+00:00\" \/>\n<meta property=\"article:modified_time\" content=\"2026-04-30T04:35:56+00:00\" \/>\n<meta property=\"og:image\" content=\"https:\/\/digital1s3.perdigital.cl\/sitio1\/wp-content\/uploads\/sites\/2\/2026\/04\/Editoras-Revista-Paula-.jpg\" \/>\n\t<meta property=\"og:image:width\" content=\"1920\" \/>\n\t<meta property=\"og:image:height\" content=\"1080\" \/>\n\t<meta property=\"og:image:type\" content=\"image\/jpeg\" \/>\n<meta name=\"author\" content=\"valentina\" \/>\n<meta name=\"twitter:card\" content=\"summary_large_image\" \/>\n<meta name=\"twitter:label1\" content=\"Escrito por\" \/>\n\t<meta name=\"twitter:data1\" content=\"valentina\" \/>\n\t<meta name=\"twitter:label2\" content=\"Tiempo estimado de lectura\" \/>\n\t<meta name=\"twitter:data2\" content=\"3 minutos\" \/>\n<script type=\"application\/ld+json\" class=\"yoast-schema-graph\">{\"@context\":\"https:\/\/schema.org\",\"@graph\":[{\"@type\":\"Article\",\"@id\":\"https:\/\/digital1s3.perdigital.cl\/sitio1\/2026\/04\/30\/la-mirada-innovadora-de-la-revista-paula\/#article\",\"isPartOf\":{\"@id\":\"https:\/\/digital1s3.perdigital.cl\/sitio1\/2026\/04\/30\/la-mirada-innovadora-de-la-revista-paula\/\"},\"author\":{\"name\":\"valentina\",\"@id\":\"https:\/\/digital1s3.perdigital.cl\/sitio1\/#\/schema\/person\/8286ffbc5e0cae7fec1dbdc7b286402a\"},\"headline\":\"La mirada innovadora de la revista Paula\",\"datePublished\":\"2026-04-30T04:35:53+00:00\",\"dateModified\":\"2026-04-30T04:35:56+00:00\",\"mainEntityOfPage\":{\"@id\":\"https:\/\/digital1s3.perdigital.cl\/sitio1\/2026\/04\/30\/la-mirada-innovadora-de-la-revista-paula\/\"},\"wordCount\":400,\"commentCount\":0,\"image\":{\"@id\":\"https:\/\/digital1s3.perdigital.cl\/sitio1\/2026\/04\/30\/la-mirada-innovadora-de-la-revista-paula\/#primaryimage\"},\"thumbnailUrl\":\"https:\/\/digital1s3.perdigital.cl\/sitio1\/wp-content\/uploads\/sites\/2\/2026\/04\/Editoras-Revista-Paula-.jpg\",\"keywords\":[\"Feminismo chileno\",\"Medios digitales\",\"Periodismo chileno\",\"Revista paula\",\"Revistas\"],\"articleSection\":[\"Conociendo Paula\"],\"inLanguage\":\"es-CL\",\"potentialAction\":[{\"@type\":\"CommentAction\",\"name\":\"Comment\",\"target\":[\"https:\/\/digital1s3.perdigital.cl\/sitio1\/2026\/04\/30\/la-mirada-innovadora-de-la-revista-paula\/#respond\"]}]},{\"@type\":\"WebPage\",\"@id\":\"https:\/\/digital1s3.perdigital.cl\/sitio1\/2026\/04\/30\/la-mirada-innovadora-de-la-revista-paula\/\",\"url\":\"https:\/\/digital1s3.perdigital.cl\/sitio1\/2026\/04\/30\/la-mirada-innovadora-de-la-revista-paula\/\",\"name\":\"La mirada innovadora de la revista Paula - sitio1\",\"isPartOf\":{\"@id\":\"https:\/\/digital1s3.perdigital.cl\/sitio1\/#website\"},\"primaryImageOfPage\":{\"@id\":\"https:\/\/digital1s3.perdigital.cl\/sitio1\/2026\/04\/30\/la-mirada-innovadora-de-la-revista-paula\/#primaryimage\"},\"image\":{\"@id\":\"https:\/\/digital1s3.perdigital.cl\/sitio1\/2026\/04\/30\/la-mirada-innovadora-de-la-revista-paula\/#primaryimage\"},\"thumbnailUrl\":\"https:\/\/digital1s3.perdigital.cl\/sitio1\/wp-content\/uploads\/sites\/2\/2026\/04\/Editoras-Revista-Paula-.jpg\",\"datePublished\":\"2026-04-30T04:35:53+00:00\",\"dateModified\":\"2026-04-30T04:35:56+00:00\",\"author\":{\"@id\":\"https:\/\/digital1s3.perdigital.cl\/sitio1\/#\/schema\/person\/8286ffbc5e0cae7fec1dbdc7b286402a\"},\"breadcrumb\":{\"@id\":\"https:\/\/digital1s3.perdigital.cl\/sitio1\/2026\/04\/30\/la-mirada-innovadora-de-la-revista-paula\/#breadcrumb\"},\"inLanguage\":\"es-CL\",\"potentialAction\":[{\"@type\":\"ReadAction\",\"target\":[\"https:\/\/digital1s3.perdigital.cl\/sitio1\/2026\/04\/30\/la-mirada-innovadora-de-la-revista-paula\/\"]}]},{\"@type\":\"ImageObject\",\"inLanguage\":\"es-CL\",\"@id\":\"https:\/\/digital1s3.perdigital.cl\/sitio1\/2026\/04\/30\/la-mirada-innovadora-de-la-revista-paula\/#primaryimage\",\"url\":\"https:\/\/digital1s3.perdigital.cl\/sitio1\/wp-content\/uploads\/sites\/2\/2026\/04\/Editoras-Revista-Paula-.jpg\",\"contentUrl\":\"https:\/\/digital1s3.perdigital.cl\/sitio1\/wp-content\/uploads\/sites\/2\/2026\/04\/Editoras-Revista-Paula-.jpg\",\"width\":1920,\"height\":1080},{\"@type\":\"BreadcrumbList\",\"@id\":\"https:\/\/digital1s3.perdigital.cl\/sitio1\/2026\/04\/30\/la-mirada-innovadora-de-la-revista-paula\/#breadcrumb\",\"itemListElement\":[{\"@type\":\"ListItem\",\"position\":1,\"name\":\"Portada\",\"item\":\"https:\/\/digital1s3.perdigital.cl\/sitio1\/\"},{\"@type\":\"ListItem\",\"position\":2,\"name\":\"La mirada innovadora de la revista Paula\"}]},{\"@type\":\"WebSite\",\"@id\":\"https:\/\/digital1s3.perdigital.cl\/sitio1\/#website\",\"url\":\"https:\/\/digital1s3.perdigital.cl\/sitio1\/\",\"name\":\"sitio1\",\"description\":\"\",\"potentialAction\":[{\"@type\":\"SearchAction\",\"target\":{\"@type\":\"EntryPoint\",\"urlTemplate\":\"https:\/\/digital1s3.perdigital.cl\/sitio1\/?s={search_term_string}\"},\"query-input\":{\"@type\":\"PropertyValueSpecification\",\"valueRequired\":true,\"valueName\":\"search_term_string\"}}],\"inLanguage\":\"es-CL\"},{\"@type\":\"Person\",\"@id\":\"https:\/\/digital1s3.perdigital.cl\/sitio1\/#\/schema\/person\/8286ffbc5e0cae7fec1dbdc7b286402a\",\"name\":\"valentina\",\"image\":{\"@type\":\"ImageObject\",\"inLanguage\":\"es-CL\",\"@id\":\"https:\/\/digital1s3.perdigital.cl\/sitio1\/#\/schema\/person\/image\/\",\"url\":\"https:\/\/secure.gravatar.com\/avatar\/fc4ce6e8548d0e08dda363ccb076a51994c07fe9ff6ff03b5ee94d168664a117?s=96&d=mm&r=g\",\"contentUrl\":\"https:\/\/secure.gravatar.com\/avatar\/fc4ce6e8548d0e08dda363ccb076a51994c07fe9ff6ff03b5ee94d168664a117?s=96&d=mm&r=g\",\"caption\":\"valentina\"},\"url\":\"https:\/\/digital1s3.perdigital.cl\/sitio1\/author\/valentina\/\"}]}<\/script>\n<!-- \/ Yoast SEO plugin. -->","yoast_head_json":{"title":"La mirada innovadora de la revista Paula - sitio1","robots":{"index":"index","follow":"follow","max-snippet":"max-snippet:-1","max-image-preview":"max-image-preview:large","max-video-preview":"max-video-preview:-1"},"canonical":"https:\/\/digital1s3.perdigital.cl\/sitio1\/2026\/04\/30\/la-mirada-innovadora-de-la-revista-paula\/","og_locale":"es_ES","og_type":"article","og_title":"La mirada innovadora de la revista Paula - sitio1","og_description":"Paula es una revista con una l\u00ednea editorial innovadora y cr\u00edtica, abordando temas tab\u00fa y promoviendo una visi\u00f3n moderna de la mujer.","og_url":"https:\/\/digital1s3.perdigital.cl\/sitio1\/2026\/04\/30\/la-mirada-innovadora-de-la-revista-paula\/","og_site_name":"sitio1","article_published_time":"2026-04-30T04:35:53+00:00","article_modified_time":"2026-04-30T04:35:56+00:00","og_image":[{"width":1920,"height":1080,"url":"https:\/\/digital1s3.perdigital.cl\/sitio1\/wp-content\/uploads\/sites\/2\/2026\/04\/Editoras-Revista-Paula-.jpg","type":"image\/jpeg"}],"author":"valentina","twitter_card":"summary_large_image","twitter_misc":{"Escrito por":"valentina","Tiempo estimado de lectura":"3 minutos"},"schema":{"@context":"https:\/\/schema.org","@graph":[{"@type":"Article","@id":"https:\/\/digital1s3.perdigital.cl\/sitio1\/2026\/04\/30\/la-mirada-innovadora-de-la-revista-paula\/#article","isPartOf":{"@id":"https:\/\/digital1s3.perdigital.cl\/sitio1\/2026\/04\/30\/la-mirada-innovadora-de-la-revista-paula\/"},"author":{"name":"valentina","@id":"https:\/\/digital1s3.perdigital.cl\/sitio1\/#\/schema\/person\/8286ffbc5e0cae7fec1dbdc7b286402a"},"headline":"La mirada innovadora de la revista Paula","datePublished":"2026-04-30T04:35:53+00:00","dateModified":"2026-04-30T04:35:56+00:00","mainEntityOfPage":{"@id":"https:\/\/digital1s3.perdigital.cl\/sitio1\/2026\/04\/30\/la-mirada-innovadora-de-la-revista-paula\/"},"wordCount":400,"commentCount":0,"image":{"@id":"https:\/\/digital1s3.perdigital.cl\/sitio1\/2026\/04\/30\/la-mirada-innovadora-de-la-revista-paula\/#primaryimage"},"thumbnailUrl":"https:\/\/digital1s3.perdigital.cl\/sitio1\/wp-content\/uploads\/sites\/2\/2026\/04\/Editoras-Revista-Paula-.jpg","keywords":["Feminismo chileno","Medios digitales","Periodismo chileno","Revista paula","Revistas"],"articleSection":["Conociendo Paula"],"inLanguage":"es-CL","potentialAction":[{"@type":"CommentAction","name":"Comment","target":["https:\/\/digital1s3.perdigital.cl\/sitio1\/2026\/04\/30\/la-mirada-innovadora-de-la-revista-paula\/#respond"]}]},{"@type":"WebPage","@id":"https:\/\/digital1s3.perdigital.cl\/sitio1\/2026\/04\/30\/la-mirada-innovadora-de-la-revista-paula\/","url":"https:\/\/digital1s3.perdigital.cl\/sitio1\/2026\/04\/30\/la-mirada-innovadora-de-la-revista-paula\/","name":"La mirada innovadora de la revista Paula - sitio1","isPartOf":{"@id":"https:\/\/digital1s3.perdigital.cl\/sitio1\/#website"},"primaryImageOfPage":{"@id":"https:\/\/digital1s3.perdigital.cl\/sitio1\/2026\/04\/30\/la-mirada-innovadora-de-la-revista-paula\/#primaryimage"},"image":{"@id":"https:\/\/digital1s3.perdigital.cl\/sitio1\/2026\/04\/30\/la-mirada-innovadora-de-la-revista-paula\/#primaryimage"},"thumbnailUrl":"https:\/\/digital1s3.perdigital.cl\/sitio1\/wp-content\/uploads\/sites\/2\/2026\/04\/Editoras-Revista-Paula-.jpg","datePublished":"2026-04-30T04:35:53+00:00","dateModified":"2026-04-30T04:35:56+00:00","author":{"@id":"https:\/\/digital1s3.perdigital.cl\/sitio1\/#\/schema\/person\/8286ffbc5e0cae7fec1dbdc7b286402a"},"breadcrumb":{"@id":"https:\/\/digital1s3.perdigital.cl\/sitio1\/2026\/04\/30\/la-mirada-innovadora-de-la-revista-paula\/#breadcrumb"},"inLanguage":"es-CL","potentialAction":[{"@type":"ReadAction","target":["https:\/\/digital1s3.perdigital.cl\/sitio1\/2026\/04\/30\/la-mirada-innovadora-de-la-revista-paula\/"]}]},{"@type":"ImageObject","inLanguage":"es-CL","@id":"https:\/\/digital1s3.perdigital.cl\/sitio1\/2026\/04\/30\/la-mirada-innovadora-de-la-revista-paula\/#primaryimage","url":"https:\/\/digital1s3.perdigital.cl\/sitio1\/wp-content\/uploads\/sites\/2\/2026\/04\/Editoras-Revista-Paula-.jpg","contentUrl":"https:\/\/digital1s3.perdigital.cl\/sitio1\/wp-content\/uploads\/sites\/2\/2026\/04\/Editoras-Revista-Paula-.jpg","width":1920,"height":1080},{"@type":"BreadcrumbList","@id":"https:\/\/digital1s3.perdigital.cl\/sitio1\/2026\/04\/30\/la-mirada-innovadora-de-la-revista-paula\/#breadcrumb","itemListElement":[{"@type":"ListItem","position":1,"name":"Portada","item":"https:\/\/digital1s3.perdigital.cl\/sitio1\/"},{"@type":"ListItem","position":2,"name":"La mirada innovadora de la revista Paula"}]},{"@type":"WebSite","@id":"https:\/\/digital1s3.perdigital.cl\/sitio1\/#website","url":"https:\/\/digital1s3.perdigital.cl\/sitio1\/","name":"sitio1","description":"","potentialAction":[{"@type":"SearchAction","target":{"@type":"EntryPoint","urlTemplate":"https:\/\/digital1s3.perdigital.cl\/sitio1\/?s={search_term_string}"},"query-input":{"@type":"PropertyValueSpecification","valueRequired":true,"valueName":"search_term_string"}}],"inLanguage":"es-CL"},{"@type":"Person","@id":"https:\/\/digital1s3.perdigital.cl\/sitio1\/#\/schema\/person\/8286ffbc5e0cae7fec1dbdc7b286402a","name":"valentina","image":{"@type":"ImageObject","inLanguage":"es-CL","@id":"https:\/\/digital1s3.perdigital.cl\/sitio1\/#\/schema\/person\/image\/","url":"https:\/\/secure.gravatar.com\/avatar\/fc4ce6e8548d0e08dda363ccb076a51994c07fe9ff6ff03b5ee94d168664a117?s=96&d=mm&r=g","contentUrl":"https:\/\/secure.gravatar.com\/avatar\/fc4ce6e8548d0e08dda363ccb076a51994c07fe9ff6ff03b5ee94d168664a117?s=96&d=mm&r=g","caption":"valentina"},"url":"https:\/\/digital1s3.perdigital.cl\/sitio1\/author\/valentina\/"}]}},"_links":{"self":[{"href":"https:\/\/digital1s3.perdigital.cl\/sitio1\/wp-json\/wp\/v2\/posts\/70","targetHints":{"allow":["GET"]}}],"collection":[{"href":"https:\/\/digital1s3.perdigital.cl\/sitio1\/wp-json\/wp\/v2\/posts"}],"about":[{"href":"https:\/\/digital1s3.perdigital.cl\/sitio1\/wp-json\/wp\/v2\/types\/post"}],"author":[{"embeddable":true,"href":"https:\/\/digital1s3.perdigital.cl\/sitio1\/wp-json\/wp\/v2\/users\/5"}],"replies":[{"embeddable":true,"href":"https:\/\/digital1s3.perdigital.cl\/sitio1\/wp-json\/wp\/v2\/comments?post=70"}],"version-history":[{"count":1,"href":"https:\/\/digital1s3.perdigital.cl\/sitio1\/wp-json\/wp\/v2\/posts\/70\/revisions"}],"predecessor-version":[{"id":72,"href":"https:\/\/digital1s3.perdigital.cl\/sitio1\/wp-json\/wp\/v2\/posts\/70\/revisions\/72"}],"wp:featuredmedia":[{"embeddable":true,"href":"https:\/\/digital1s3.perdigital.cl\/sitio1\/wp-json\/wp\/v2\/media\/71"}],"wp:attachment":[{"href":"https:\/\/digital1s3.perdigital.cl\/sitio1\/wp-json\/wp\/v2\/media?parent=70"}],"wp:term":[{"taxonomy":"category","embeddable":true,"href":"https:\/\/digital1s3.perdigital.cl\/sitio1\/wp-json\/wp\/v2\/categories?post=70"},{"taxonomy":"post_tag","embeddable":true,"href":"https:\/\/digital1s3.perdigital.cl\/sitio1\/wp-json\/wp\/v2\/tags?post=70"}],"curies":[{"name":"wp","href":"https:\/\/api.w.org\/{rel}","templated":true}]}}