{"id":51,"date":"2026-04-27T19:02:24","date_gmt":"2026-04-27T22:02:24","guid":{"rendered":"https:\/\/digital1s3.perdigital.cl\/sitio1\/?p=51"},"modified":"2026-04-27T19:07:02","modified_gmt":"2026-04-27T22:07:02","slug":"un-recorrido-por-la-historia-de-revista-paula-a-traves-de-sus-editoras","status":"publish","type":"post","link":"https:\/\/digital1s3.perdigital.cl\/sitio1\/2026\/04\/27\/un-recorrido-por-la-historia-de-revista-paula-a-traves-de-sus-editoras\/","title":{"rendered":"Un recorrido por la historia de revista Paula a trav\u00e9s de sus editoras"},"content":{"rendered":"\n<figure class=\"wp-block-gallery has-nested-images columns-default is-cropped wp-block-gallery-1 is-layout-flex wp-block-gallery-is-layout-flex\">\n<figure class=\"wp-block-image size-large\"><img loading=\"lazy\" decoding=\"async\" width=\"1024\" height=\"651\" data-id=\"52\" src=\"https:\/\/digital1s3.perdigital.cl\/sitio1\/wp-content\/uploads\/sites\/2\/2026\/04\/IMG_0670-1024x651.jpeg\" alt=\"\" class=\"wp-image-52\" srcset=\"https:\/\/digital1s3.perdigital.cl\/sitio1\/wp-content\/uploads\/sites\/2\/2026\/04\/IMG_0670-1024x651.jpeg 1024w, https:\/\/digital1s3.perdigital.cl\/sitio1\/wp-content\/uploads\/sites\/2\/2026\/04\/IMG_0670-300x191.jpeg 300w, https:\/\/digital1s3.perdigital.cl\/sitio1\/wp-content\/uploads\/sites\/2\/2026\/04\/IMG_0670-768x488.jpeg 768w, https:\/\/digital1s3.perdigital.cl\/sitio1\/wp-content\/uploads\/sites\/2\/2026\/04\/IMG_0670.jpeg 1200w\" sizes=\"auto, (max-width: 1024px) 100vw, 1024px\" \/><figcaption class=\"wp-element-caption\">Fotograf\u00eda por Carolina Vargas. Extra\u00edda de La Tercera<\/figcaption><\/figure>\n<\/figure>\n\n\n\n<p>Hablar de la revista Paula es hablar de un medio que no solo acompa\u00f1\u00f3 a generaciones de mujeres en Chile, sino que tambi\u00e9n interpret\u00f3 y muchas veces adelant\u00f3 los cambios sociales, culturales y pol\u00edticos del pa\u00eds. Desde su fundaci\u00f3n en 1967, la revista se transform\u00f3 en un espacio de conversaci\u00f3n sobre el rol de la mujer, la identidad y la modernidad.<\/p>\n\n\n\n<p>Gran parte de esa evoluci\u00f3n se explica por las distintas miradas editoriales que marcaron cada etapa de la revista. A trav\u00e9s de sus directoras, Paula fue construyendo una voz propia, capaz de adaptarse a los tiempos sin perder su esencia cr\u00edtica y propositiva.<\/p>\n\n\n\n<p>A continuaci\u00f3n, un recorrido cronol\u00f3gico por las mujeres que lideraron este proyecto editorial y dejaron su huella en la historia de la prensa chilena.<\/p>\n\n\n\n<p><strong><a href=\"https:\/\/www.latercera.com\/paula\/delia-vergara\/\">Delia Vergara<\/a> (1967\u20131975)<\/strong><br><\/p>\n\n\n\n<figure class=\"wp-block-gallery has-nested-images columns-default is-cropped wp-block-gallery-2 is-layout-flex wp-block-gallery-is-layout-flex\">\n<figure class=\"wp-block-image size-large\"><img loading=\"lazy\" decoding=\"async\" width=\"1024\" height=\"682\" data-id=\"54\" src=\"https:\/\/digital1s3.perdigital.cl\/sitio1\/wp-content\/uploads\/sites\/2\/2026\/04\/IMG_0664-1024x682.jpeg\" alt=\"\" class=\"wp-image-54\" srcset=\"https:\/\/digital1s3.perdigital.cl\/sitio1\/wp-content\/uploads\/sites\/2\/2026\/04\/IMG_0664-1024x682.jpeg 1024w, https:\/\/digital1s3.perdigital.cl\/sitio1\/wp-content\/uploads\/sites\/2\/2026\/04\/IMG_0664-300x200.jpeg 300w, https:\/\/digital1s3.perdigital.cl\/sitio1\/wp-content\/uploads\/sites\/2\/2026\/04\/IMG_0664-768x512.jpeg 768w, https:\/\/digital1s3.perdigital.cl\/sitio1\/wp-content\/uploads\/sites\/2\/2026\/04\/IMG_0664-1536x1023.jpeg 1536w, https:\/\/digital1s3.perdigital.cl\/sitio1\/wp-content\/uploads\/sites\/2\/2026\/04\/IMG_0664.jpeg 1600w\" sizes=\"auto, (max-width: 1024px) 100vw, 1024px\" \/><\/figure>\n<\/figure>\n\n\n\n<p>Primera directora y figura clave en el nacimiento de <em>Paula<\/em>. Bajo su liderazgo, la revista se posicion\u00f3 como un medio innovador y adelantado a su \u00e9poca, abordando temas como la sexualidad, el rol de la mujer y los cambios sociales de los a\u00f1os 60. Su enfoque marc\u00f3 un quiebre con el modelo tradicional de revistas femeninas en Chile, incorporando periodismo cr\u00edtico y contenido con mirada feminista.<br><\/p>\n\n\n\n<p><strong><a href=\"https:\/\/www.latercera.com\/paula\/constanza-vergara\/\">Constanza Vergara<\/a> (1976\u20131986)<\/strong><br><\/p>\n\n\n\n<figure class=\"wp-block-gallery has-nested-images columns-default is-cropped wp-block-gallery-3 is-layout-flex wp-block-gallery-is-layout-flex\">\n<figure class=\"wp-block-image size-large\"><img loading=\"lazy\" decoding=\"async\" width=\"479\" height=\"607\" data-id=\"56\" src=\"https:\/\/digital1s3.perdigital.cl\/sitio1\/wp-content\/uploads\/sites\/2\/2026\/04\/IMG_0674.jpeg\" alt=\"\" class=\"wp-image-56\" srcset=\"https:\/\/digital1s3.perdigital.cl\/sitio1\/wp-content\/uploads\/sites\/2\/2026\/04\/IMG_0674.jpeg 479w, https:\/\/digital1s3.perdigital.cl\/sitio1\/wp-content\/uploads\/sites\/2\/2026\/04\/IMG_0674-237x300.jpeg 237w\" sizes=\"auto, (max-width: 479px) 100vw, 479px\" \/><\/figure>\n<\/figure>\n\n\n\n<p>Continu\u00f3 el legado inicial en un contexto pol\u00edtico complejo. Durante su direcci\u00f3n, la revista mantuvo su identidad editorial, adapt\u00e1ndose a los cambios del pa\u00eds sin perder su enfoque en temas sociales, culturales y de inter\u00e9s femenino. Su gesti\u00f3n permiti\u00f3 consolidar la permanencia de <em>Paula<\/em> en el mercado editorial chileno.<\/p>\n\n\n\n<p><strong><a href=\"https:\/\/www.latercera.com\/paula\/andrea-eluchans\/\">Andrea Eluchans<\/a> (1986\u20131993)<\/strong><\/p>\n\n\n\n<figure class=\"wp-block-gallery has-nested-images columns-default is-cropped wp-block-gallery-4 is-layout-flex wp-block-gallery-is-layout-flex\">\n<figure class=\"wp-block-image size-large\"><img loading=\"lazy\" decoding=\"async\" width=\"838\" height=\"633\" data-id=\"57\" src=\"https:\/\/digital1s3.perdigital.cl\/sitio1\/wp-content\/uploads\/sites\/2\/2026\/04\/IMG_0665.jpeg\" alt=\"\" class=\"wp-image-57\" srcset=\"https:\/\/digital1s3.perdigital.cl\/sitio1\/wp-content\/uploads\/sites\/2\/2026\/04\/IMG_0665.jpeg 838w, https:\/\/digital1s3.perdigital.cl\/sitio1\/wp-content\/uploads\/sites\/2\/2026\/04\/IMG_0665-300x227.jpeg 300w, https:\/\/digital1s3.perdigital.cl\/sitio1\/wp-content\/uploads\/sites\/2\/2026\/04\/IMG_0665-768x580.jpeg 768w\" sizes=\"auto, (max-width: 838px) 100vw, 838px\" \/><\/figure>\n<\/figure>\n\n\n\n<p>Encabez\u00f3 la revista en un per\u00edodo de transici\u00f3n hacia la democracia. Su direcci\u00f3n impuls\u00f3 una modernizaci\u00f3n de contenidos y una apertura hacia nuevas tem\u00e1ticas, incluyendo tendencias culturales y estilos de vida, manteniendo el sello cr\u00edtico que caracterizaba a la publicaci\u00f3n.<\/p>\n\n\n\n<p><strong><a href=\"https:\/\/www.latercera.com\/paula\/celia-eluchans\/\">Celia Eluchans<\/a> (1994\u20131995)<\/strong><\/p>\n\n\n\n<figure class=\"wp-block-gallery has-nested-images columns-default is-cropped wp-block-gallery-5 is-layout-flex wp-block-gallery-is-layout-flex\">\n<figure class=\"wp-block-image size-large\"><img loading=\"lazy\" decoding=\"async\" width=\"721\" height=\"452\" data-id=\"66\" src=\"https:\/\/digital1s3.perdigital.cl\/sitio1\/wp-content\/uploads\/sites\/2\/2026\/04\/IMG_0675.jpeg\" alt=\"\" class=\"wp-image-66\" srcset=\"https:\/\/digital1s3.perdigital.cl\/sitio1\/wp-content\/uploads\/sites\/2\/2026\/04\/IMG_0675.jpeg 721w, https:\/\/digital1s3.perdigital.cl\/sitio1\/wp-content\/uploads\/sites\/2\/2026\/04\/IMG_0675-300x188.jpeg 300w\" sizes=\"auto, (max-width: 721px) 100vw, 721px\" \/><\/figure>\n<\/figure>\n\n\n\n<p>Su breve paso por la direcci\u00f3n estuvo marcado por la continuidad editorial. Durante este periodo, la revista mantuvo su l\u00ednea, reforzando su presencia en el \u00e1mbito cultural y consolidando su v\u00ednculo con lectoras fieles.<\/p>\n\n\n\n<p><strong><a href=\"https:\/\/www.latercera.com\/paula\/alexandra-edwards-2\/\">Alexandra Edwards<\/a> (1996\u20131998)<\/strong><\/p>\n\n\n\n<figure class=\"wp-block-gallery has-nested-images columns-default is-cropped wp-block-gallery-6 is-layout-flex wp-block-gallery-is-layout-flex\">\n<figure class=\"wp-block-image size-large\"><img loading=\"lazy\" decoding=\"async\" width=\"800\" height=\"698\" data-id=\"59\" src=\"https:\/\/digital1s3.perdigital.cl\/sitio1\/wp-content\/uploads\/sites\/2\/2026\/04\/IMG_0667-1.jpeg\" alt=\"\" class=\"wp-image-59\" srcset=\"https:\/\/digital1s3.perdigital.cl\/sitio1\/wp-content\/uploads\/sites\/2\/2026\/04\/IMG_0667-1.jpeg 800w, https:\/\/digital1s3.perdigital.cl\/sitio1\/wp-content\/uploads\/sites\/2\/2026\/04\/IMG_0667-1-300x262.jpeg 300w, https:\/\/digital1s3.perdigital.cl\/sitio1\/wp-content\/uploads\/sites\/2\/2026\/04\/IMG_0667-1-768x670.jpeg 768w\" sizes=\"auto, (max-width: 800px) 100vw, 800px\" \/><\/figure>\n<\/figure>\n\n\n\n<p>Lider\u00f3 una etapa de renovaci\u00f3n est\u00e9tica y de contenidos. Bajo su direcci\u00f3n, <em>Paula<\/em> comenz\u00f3 a fortalecer \u00e1reas como moda, tendencias y estilo de vida, ampliando su propuesta hacia una audiencia m\u00e1s diversa y moderna.<\/p>\n\n\n\n<p><strong><a href=\"https:\/\/www.latercera.com\/paula\/paula-recart\/\">Paula Recart<\/a><\/strong><strong> (1999\u20132007)<\/strong><\/p>\n\n\n\n<figure class=\"wp-block-gallery has-nested-images columns-default is-cropped wp-block-gallery-7 is-layout-flex wp-block-gallery-is-layout-flex\">\n<figure class=\"wp-block-image size-large\"><img loading=\"lazy\" decoding=\"async\" width=\"1024\" height=\"683\" data-id=\"61\" src=\"https:\/\/digital1s3.perdigital.cl\/sitio1\/wp-content\/uploads\/sites\/2\/2026\/04\/IMG_0668-1024x683.jpeg\" alt=\"\" class=\"wp-image-61\" srcset=\"https:\/\/digital1s3.perdigital.cl\/sitio1\/wp-content\/uploads\/sites\/2\/2026\/04\/IMG_0668-1024x683.jpeg 1024w, https:\/\/digital1s3.perdigital.cl\/sitio1\/wp-content\/uploads\/sites\/2\/2026\/04\/IMG_0668-300x200.jpeg 300w, https:\/\/digital1s3.perdigital.cl\/sitio1\/wp-content\/uploads\/sites\/2\/2026\/04\/IMG_0668-768x512.jpeg 768w, https:\/\/digital1s3.perdigital.cl\/sitio1\/wp-content\/uploads\/sites\/2\/2026\/04\/IMG_0668.jpeg 1200w\" sizes=\"auto, (max-width: 1024px) 100vw, 1024px\" \/><\/figure>\n<\/figure>\n\n\n\n<p>Durante su gesti\u00f3n, la revista experiment\u00f3 una expansi\u00f3n significativa de marca. Se desarrollaron nuevas secciones especializadas como <em>Paula Cocina<\/em> y <em>Paula Moda<\/em>, adem\u00e1s de consolidarse eventos y productos asociados que extendieron la influencia de la revista m\u00e1s all\u00e1 del formato impreso.<\/p>\n\n\n\n<p><strong><a href=\"https:\/\/www.latercera.com\/paula\/milena-vodanovic\/\">Milena Vodanovic<\/a><\/strong><strong> (2007\u20132015)<\/strong><\/p>\n\n\n\n<figure class=\"wp-block-gallery has-nested-images columns-default is-cropped wp-block-gallery-8 is-layout-flex wp-block-gallery-is-layout-flex\">\n<figure class=\"wp-block-image size-large\"><img loading=\"lazy\" decoding=\"async\" width=\"560\" height=\"592\" data-id=\"62\" src=\"https:\/\/digital1s3.perdigital.cl\/sitio1\/wp-content\/uploads\/sites\/2\/2026\/04\/IMG_0669.jpeg\" alt=\"\" class=\"wp-image-62\" srcset=\"https:\/\/digital1s3.perdigital.cl\/sitio1\/wp-content\/uploads\/sites\/2\/2026\/04\/IMG_0669.jpeg 560w, https:\/\/digital1s3.perdigital.cl\/sitio1\/wp-content\/uploads\/sites\/2\/2026\/04\/IMG_0669-284x300.jpeg 284w\" sizes=\"auto, (max-width: 560px) 100vw, 560px\" \/><\/figure>\n<\/figure>\n\n\n\n<p>Encabez\u00f3 una de las etapas m\u00e1s exitosas en t\u00e9rminos de posicionamiento. Se fortaleci\u00f3 la identidad de <em>Paula<\/em> como una marca integral, con eventos masivos como el \u201cMercado Paula Gourmet\u201d y una fuerte presencia en el \u00e1mbito cultural y social.<\/p>\n\n\n\n<p><strong>Constanza L\u00f3pez (2015\u20132018)<\/strong><\/p>\n\n\n\n<figure class=\"wp-block-gallery has-nested-images columns-default is-cropped wp-block-gallery-9 is-layout-flex wp-block-gallery-is-layout-flex\">\n<figure class=\"wp-block-image size-large\"><img loading=\"lazy\" decoding=\"async\" width=\"400\" height=\"400\" data-id=\"64\" src=\"https:\/\/digital1s3.perdigital.cl\/sitio1\/wp-content\/uploads\/sites\/2\/2026\/04\/IMG_0673.jpeg\" alt=\"\" class=\"wp-image-64\" srcset=\"https:\/\/digital1s3.perdigital.cl\/sitio1\/wp-content\/uploads\/sites\/2\/2026\/04\/IMG_0673.jpeg 400w, https:\/\/digital1s3.perdigital.cl\/sitio1\/wp-content\/uploads\/sites\/2\/2026\/04\/IMG_0673-300x300.jpeg 300w, https:\/\/digital1s3.perdigital.cl\/sitio1\/wp-content\/uploads\/sites\/2\/2026\/04\/IMG_0673-150x150.jpeg 150w\" sizes=\"auto, (max-width: 400px) 100vw, 400px\" \/><\/figure>\n<\/figure>\n\n\n\n<p>\u00daltima directora en su formato original impreso. Su gesti\u00f3n estuvo marcada por los desaf\u00edos de la transformaci\u00f3n digital y los cambios en la industria editorial. Bajo su direcci\u00f3n, la revista vivi\u00f3 su etapa final antes de integrarse al diario <em>La Tercera<\/em>, cerrando as\u00ed un ciclo hist\u00f3rico.<\/p>\n\n\n\n<p><\/p>\n","protected":false},"excerpt":{"rendered":"<p>Desde su fundaci\u00f3n en 1967, la revista Paula se consolid\u00f3 como una de las publicaciones m\u00e1s influyentes en la prensa femenina chilena. A lo largo de su historia, distintas directoras marcaron su identidad editorial, adapt\u00e1ndola a los cambios sociales, culturales y pol\u00edticos del pa\u00eds. Este recorrido destaca a cada una de ellas y su aporte en la evoluci\u00f3n de la revista.<\/p>\n","protected":false},"author":3,"featured_media":0,"comment_status":"open","ping_status":"open","sticky":false,"template":"","format":"standard","meta":{"footnotes":""},"categories":[7],"tags":[8,9,5,4,3,6],"class_list":["post-51","post","type-post","status-publish","format-standard","hentry","category-conociendo-paula","tag-actualidad","tag-feminismo-chileno","tag-medios-digitales","tag-periodismo-chileno","tag-revista-paula","tag-revistas"],"yoast_head":"<!-- This site is optimized with the Yoast SEO plugin v27.0 - https:\/\/yoast.com\/product\/yoast-seo-wordpress\/ -->\n<title>Un recorrido por la historia de revista Paula a trav\u00e9s de sus editoras - sitio1<\/title>\n<meta name=\"robots\" content=\"index, follow, max-snippet:-1, max-image-preview:large, max-video-preview:-1\" \/>\n<link rel=\"canonical\" href=\"https:\/\/digital1s3.perdigital.cl\/sitio1\/2026\/04\/27\/un-recorrido-por-la-historia-de-revista-paula-a-traves-de-sus-editoras\/\" \/>\n<meta property=\"og:locale\" content=\"es_ES\" \/>\n<meta property=\"og:type\" content=\"article\" \/>\n<meta property=\"og:title\" content=\"Un recorrido por la historia de revista Paula a trav\u00e9s de sus editoras - sitio1\" \/>\n<meta property=\"og:description\" content=\"Desde su fundaci\u00f3n en 1967, la revista Paula se consolid\u00f3 como una de las publicaciones m\u00e1s influyentes en la prensa femenina chilena. A lo largo de su historia, distintas directoras marcaron su identidad editorial, adapt\u00e1ndola a los cambios sociales, culturales y pol\u00edticos del pa\u00eds. Este recorrido destaca a cada una de ellas y su aporte en la evoluci\u00f3n de la revista.\" \/>\n<meta property=\"og:url\" content=\"https:\/\/digital1s3.perdigital.cl\/sitio1\/2026\/04\/27\/un-recorrido-por-la-historia-de-revista-paula-a-traves-de-sus-editoras\/\" \/>\n<meta property=\"og:site_name\" content=\"sitio1\" \/>\n<meta property=\"article:published_time\" content=\"2026-04-27T22:02:24+00:00\" \/>\n<meta property=\"article:modified_time\" content=\"2026-04-27T22:07:02+00:00\" \/>\n<meta property=\"og:image\" content=\"https:\/\/digital1s3.perdigital.cl\/sitio1\/wp-content\/uploads\/sites\/2\/2026\/04\/IMG_0670.jpeg\" \/>\n\t<meta property=\"og:image:width\" content=\"1200\" \/>\n\t<meta property=\"og:image:height\" content=\"763\" \/>\n\t<meta property=\"og:image:type\" content=\"image\/jpeg\" \/>\n<meta name=\"author\" content=\"constanza\" \/>\n<meta name=\"twitter:card\" content=\"summary_large_image\" \/>\n<meta name=\"twitter:label1\" content=\"Escrito por\" \/>\n\t<meta name=\"twitter:data1\" content=\"constanza\" \/>\n\t<meta name=\"twitter:label2\" content=\"Tiempo estimado de lectura\" \/>\n\t<meta name=\"twitter:data2\" content=\"5 minutos\" \/>\n<script type=\"application\/ld+json\" class=\"yoast-schema-graph\">{\"@context\":\"https:\/\/schema.org\",\"@graph\":[{\"@type\":\"Article\",\"@id\":\"https:\/\/digital1s3.perdigital.cl\/sitio1\/2026\/04\/27\/un-recorrido-por-la-historia-de-revista-paula-a-traves-de-sus-editoras\/#article\",\"isPartOf\":{\"@id\":\"https:\/\/digital1s3.perdigital.cl\/sitio1\/2026\/04\/27\/un-recorrido-por-la-historia-de-revista-paula-a-traves-de-sus-editoras\/\"},\"author\":{\"name\":\"constanza\",\"@id\":\"https:\/\/digital1s3.perdigital.cl\/sitio1\/#\/schema\/person\/6f6e42eae54f7543cff00754bf851f02\"},\"headline\":\"Un recorrido por la historia de revista Paula a trav\u00e9s de sus editoras\",\"datePublished\":\"2026-04-27T22:02:24+00:00\",\"dateModified\":\"2026-04-27T22:07:02+00:00\",\"mainEntityOfPage\":{\"@id\":\"https:\/\/digital1s3.perdigital.cl\/sitio1\/2026\/04\/27\/un-recorrido-por-la-historia-de-revista-paula-a-traves-de-sus-editoras\/\"},\"wordCount\":559,\"commentCount\":0,\"image\":{\"@id\":\"https:\/\/digital1s3.perdigital.cl\/sitio1\/2026\/04\/27\/un-recorrido-por-la-historia-de-revista-paula-a-traves-de-sus-editoras\/#primaryimage\"},\"thumbnailUrl\":\"https:\/\/digital1s3.perdigital.cl\/sitio1\/wp-content\/uploads\/sites\/2\/2026\/04\/IMG_0670-1024x651.jpeg\",\"keywords\":[\"Actualidad\",\"Feminismo chileno\",\"Medios digitales\",\"Periodismo chileno\",\"Revista paula\",\"Revistas\"],\"articleSection\":[\"Conociendo Paula\"],\"inLanguage\":\"es-CL\",\"potentialAction\":[{\"@type\":\"CommentAction\",\"name\":\"Comment\",\"target\":[\"https:\/\/digital1s3.perdigital.cl\/sitio1\/2026\/04\/27\/un-recorrido-por-la-historia-de-revista-paula-a-traves-de-sus-editoras\/#respond\"]}]},{\"@type\":\"WebPage\",\"@id\":\"https:\/\/digital1s3.perdigital.cl\/sitio1\/2026\/04\/27\/un-recorrido-por-la-historia-de-revista-paula-a-traves-de-sus-editoras\/\",\"url\":\"https:\/\/digital1s3.perdigital.cl\/sitio1\/2026\/04\/27\/un-recorrido-por-la-historia-de-revista-paula-a-traves-de-sus-editoras\/\",\"name\":\"Un recorrido por la historia de revista Paula a trav\u00e9s de sus editoras - sitio1\",\"isPartOf\":{\"@id\":\"https:\/\/digital1s3.perdigital.cl\/sitio1\/#website\"},\"primaryImageOfPage\":{\"@id\":\"https:\/\/digital1s3.perdigital.cl\/sitio1\/2026\/04\/27\/un-recorrido-por-la-historia-de-revista-paula-a-traves-de-sus-editoras\/#primaryimage\"},\"image\":{\"@id\":\"https:\/\/digital1s3.perdigital.cl\/sitio1\/2026\/04\/27\/un-recorrido-por-la-historia-de-revista-paula-a-traves-de-sus-editoras\/#primaryimage\"},\"thumbnailUrl\":\"https:\/\/digital1s3.perdigital.cl\/sitio1\/wp-content\/uploads\/sites\/2\/2026\/04\/IMG_0670-1024x651.jpeg\",\"datePublished\":\"2026-04-27T22:02:24+00:00\",\"dateModified\":\"2026-04-27T22:07:02+00:00\",\"author\":{\"@id\":\"https:\/\/digital1s3.perdigital.cl\/sitio1\/#\/schema\/person\/6f6e42eae54f7543cff00754bf851f02\"},\"breadcrumb\":{\"@id\":\"https:\/\/digital1s3.perdigital.cl\/sitio1\/2026\/04\/27\/un-recorrido-por-la-historia-de-revista-paula-a-traves-de-sus-editoras\/#breadcrumb\"},\"inLanguage\":\"es-CL\",\"potentialAction\":[{\"@type\":\"ReadAction\",\"target\":[\"https:\/\/digital1s3.perdigital.cl\/sitio1\/2026\/04\/27\/un-recorrido-por-la-historia-de-revista-paula-a-traves-de-sus-editoras\/\"]}]},{\"@type\":\"ImageObject\",\"inLanguage\":\"es-CL\",\"@id\":\"https:\/\/digital1s3.perdigital.cl\/sitio1\/2026\/04\/27\/un-recorrido-por-la-historia-de-revista-paula-a-traves-de-sus-editoras\/#primaryimage\",\"url\":\"https:\/\/digital1s3.perdigital.cl\/sitio1\/wp-content\/uploads\/sites\/2\/2026\/04\/IMG_0670.jpeg\",\"contentUrl\":\"https:\/\/digital1s3.perdigital.cl\/sitio1\/wp-content\/uploads\/sites\/2\/2026\/04\/IMG_0670.jpeg\",\"width\":1200,\"height\":763},{\"@type\":\"BreadcrumbList\",\"@id\":\"https:\/\/digital1s3.perdigital.cl\/sitio1\/2026\/04\/27\/un-recorrido-por-la-historia-de-revista-paula-a-traves-de-sus-editoras\/#breadcrumb\",\"itemListElement\":[{\"@type\":\"ListItem\",\"position\":1,\"name\":\"Portada\",\"item\":\"https:\/\/digital1s3.perdigital.cl\/sitio1\/\"},{\"@type\":\"ListItem\",\"position\":2,\"name\":\"Un recorrido por la historia de revista Paula a trav\u00e9s de sus editoras\"}]},{\"@type\":\"WebSite\",\"@id\":\"https:\/\/digital1s3.perdigital.cl\/sitio1\/#website\",\"url\":\"https:\/\/digital1s3.perdigital.cl\/sitio1\/\",\"name\":\"sitio1\",\"description\":\"\",\"potentialAction\":[{\"@type\":\"SearchAction\",\"target\":{\"@type\":\"EntryPoint\",\"urlTemplate\":\"https:\/\/digital1s3.perdigital.cl\/sitio1\/?s={search_term_string}\"},\"query-input\":{\"@type\":\"PropertyValueSpecification\",\"valueRequired\":true,\"valueName\":\"search_term_string\"}}],\"inLanguage\":\"es-CL\"},{\"@type\":\"Person\",\"@id\":\"https:\/\/digital1s3.perdigital.cl\/sitio1\/#\/schema\/person\/6f6e42eae54f7543cff00754bf851f02\",\"name\":\"constanza\",\"image\":{\"@type\":\"ImageObject\",\"inLanguage\":\"es-CL\",\"@id\":\"https:\/\/digital1s3.perdigital.cl\/sitio1\/#\/schema\/person\/image\/\",\"url\":\"https:\/\/secure.gravatar.com\/avatar\/0965dd5f32cc30379437df0f8477e9e30efde8fbdf43972a26bed3c422f43200?s=96&d=mm&r=g\",\"contentUrl\":\"https:\/\/secure.gravatar.com\/avatar\/0965dd5f32cc30379437df0f8477e9e30efde8fbdf43972a26bed3c422f43200?s=96&d=mm&r=g\",\"caption\":\"constanza\"},\"url\":\"https:\/\/digital1s3.perdigital.cl\/sitio1\/author\/constanza\/\"}]}<\/script>\n<!-- \/ Yoast SEO plugin. -->","yoast_head_json":{"title":"Un recorrido por la historia de revista Paula a trav\u00e9s de sus editoras - sitio1","robots":{"index":"index","follow":"follow","max-snippet":"max-snippet:-1","max-image-preview":"max-image-preview:large","max-video-preview":"max-video-preview:-1"},"canonical":"https:\/\/digital1s3.perdigital.cl\/sitio1\/2026\/04\/27\/un-recorrido-por-la-historia-de-revista-paula-a-traves-de-sus-editoras\/","og_locale":"es_ES","og_type":"article","og_title":"Un recorrido por la historia de revista Paula a trav\u00e9s de sus editoras - sitio1","og_description":"Desde su fundaci\u00f3n en 1967, la revista Paula se consolid\u00f3 como una de las publicaciones m\u00e1s influyentes en la prensa femenina chilena. A lo largo de su historia, distintas directoras marcaron su identidad editorial, adapt\u00e1ndola a los cambios sociales, culturales y pol\u00edticos del pa\u00eds. Este recorrido destaca a cada una de ellas y su aporte en la evoluci\u00f3n de la revista.","og_url":"https:\/\/digital1s3.perdigital.cl\/sitio1\/2026\/04\/27\/un-recorrido-por-la-historia-de-revista-paula-a-traves-de-sus-editoras\/","og_site_name":"sitio1","article_published_time":"2026-04-27T22:02:24+00:00","article_modified_time":"2026-04-27T22:07:02+00:00","og_image":[{"width":1200,"height":763,"url":"https:\/\/digital1s3.perdigital.cl\/sitio1\/wp-content\/uploads\/sites\/2\/2026\/04\/IMG_0670.jpeg","type":"image\/jpeg"}],"author":"constanza","twitter_card":"summary_large_image","twitter_misc":{"Escrito por":"constanza","Tiempo estimado de lectura":"5 minutos"},"schema":{"@context":"https:\/\/schema.org","@graph":[{"@type":"Article","@id":"https:\/\/digital1s3.perdigital.cl\/sitio1\/2026\/04\/27\/un-recorrido-por-la-historia-de-revista-paula-a-traves-de-sus-editoras\/#article","isPartOf":{"@id":"https:\/\/digital1s3.perdigital.cl\/sitio1\/2026\/04\/27\/un-recorrido-por-la-historia-de-revista-paula-a-traves-de-sus-editoras\/"},"author":{"name":"constanza","@id":"https:\/\/digital1s3.perdigital.cl\/sitio1\/#\/schema\/person\/6f6e42eae54f7543cff00754bf851f02"},"headline":"Un recorrido por la historia de revista Paula a trav\u00e9s de sus editoras","datePublished":"2026-04-27T22:02:24+00:00","dateModified":"2026-04-27T22:07:02+00:00","mainEntityOfPage":{"@id":"https:\/\/digital1s3.perdigital.cl\/sitio1\/2026\/04\/27\/un-recorrido-por-la-historia-de-revista-paula-a-traves-de-sus-editoras\/"},"wordCount":559,"commentCount":0,"image":{"@id":"https:\/\/digital1s3.perdigital.cl\/sitio1\/2026\/04\/27\/un-recorrido-por-la-historia-de-revista-paula-a-traves-de-sus-editoras\/#primaryimage"},"thumbnailUrl":"https:\/\/digital1s3.perdigital.cl\/sitio1\/wp-content\/uploads\/sites\/2\/2026\/04\/IMG_0670-1024x651.jpeg","keywords":["Actualidad","Feminismo chileno","Medios digitales","Periodismo chileno","Revista paula","Revistas"],"articleSection":["Conociendo Paula"],"inLanguage":"es-CL","potentialAction":[{"@type":"CommentAction","name":"Comment","target":["https:\/\/digital1s3.perdigital.cl\/sitio1\/2026\/04\/27\/un-recorrido-por-la-historia-de-revista-paula-a-traves-de-sus-editoras\/#respond"]}]},{"@type":"WebPage","@id":"https:\/\/digital1s3.perdigital.cl\/sitio1\/2026\/04\/27\/un-recorrido-por-la-historia-de-revista-paula-a-traves-de-sus-editoras\/","url":"https:\/\/digital1s3.perdigital.cl\/sitio1\/2026\/04\/27\/un-recorrido-por-la-historia-de-revista-paula-a-traves-de-sus-editoras\/","name":"Un recorrido por la historia de revista Paula a trav\u00e9s de sus editoras - sitio1","isPartOf":{"@id":"https:\/\/digital1s3.perdigital.cl\/sitio1\/#website"},"primaryImageOfPage":{"@id":"https:\/\/digital1s3.perdigital.cl\/sitio1\/2026\/04\/27\/un-recorrido-por-la-historia-de-revista-paula-a-traves-de-sus-editoras\/#primaryimage"},"image":{"@id":"https:\/\/digital1s3.perdigital.cl\/sitio1\/2026\/04\/27\/un-recorrido-por-la-historia-de-revista-paula-a-traves-de-sus-editoras\/#primaryimage"},"thumbnailUrl":"https:\/\/digital1s3.perdigital.cl\/sitio1\/wp-content\/uploads\/sites\/2\/2026\/04\/IMG_0670-1024x651.jpeg","datePublished":"2026-04-27T22:02:24+00:00","dateModified":"2026-04-27T22:07:02+00:00","author":{"@id":"https:\/\/digital1s3.perdigital.cl\/sitio1\/#\/schema\/person\/6f6e42eae54f7543cff00754bf851f02"},"breadcrumb":{"@id":"https:\/\/digital1s3.perdigital.cl\/sitio1\/2026\/04\/27\/un-recorrido-por-la-historia-de-revista-paula-a-traves-de-sus-editoras\/#breadcrumb"},"inLanguage":"es-CL","potentialAction":[{"@type":"ReadAction","target":["https:\/\/digital1s3.perdigital.cl\/sitio1\/2026\/04\/27\/un-recorrido-por-la-historia-de-revista-paula-a-traves-de-sus-editoras\/"]}]},{"@type":"ImageObject","inLanguage":"es-CL","@id":"https:\/\/digital1s3.perdigital.cl\/sitio1\/2026\/04\/27\/un-recorrido-por-la-historia-de-revista-paula-a-traves-de-sus-editoras\/#primaryimage","url":"https:\/\/digital1s3.perdigital.cl\/sitio1\/wp-content\/uploads\/sites\/2\/2026\/04\/IMG_0670.jpeg","contentUrl":"https:\/\/digital1s3.perdigital.cl\/sitio1\/wp-content\/uploads\/sites\/2\/2026\/04\/IMG_0670.jpeg","width":1200,"height":763},{"@type":"BreadcrumbList","@id":"https:\/\/digital1s3.perdigital.cl\/sitio1\/2026\/04\/27\/un-recorrido-por-la-historia-de-revista-paula-a-traves-de-sus-editoras\/#breadcrumb","itemListElement":[{"@type":"ListItem","position":1,"name":"Portada","item":"https:\/\/digital1s3.perdigital.cl\/sitio1\/"},{"@type":"ListItem","position":2,"name":"Un recorrido por la historia de revista Paula a trav\u00e9s de sus editoras"}]},{"@type":"WebSite","@id":"https:\/\/digital1s3.perdigital.cl\/sitio1\/#website","url":"https:\/\/digital1s3.perdigital.cl\/sitio1\/","name":"sitio1","description":"","potentialAction":[{"@type":"SearchAction","target":{"@type":"EntryPoint","urlTemplate":"https:\/\/digital1s3.perdigital.cl\/sitio1\/?s={search_term_string}"},"query-input":{"@type":"PropertyValueSpecification","valueRequired":true,"valueName":"search_term_string"}}],"inLanguage":"es-CL"},{"@type":"Person","@id":"https:\/\/digital1s3.perdigital.cl\/sitio1\/#\/schema\/person\/6f6e42eae54f7543cff00754bf851f02","name":"constanza","image":{"@type":"ImageObject","inLanguage":"es-CL","@id":"https:\/\/digital1s3.perdigital.cl\/sitio1\/#\/schema\/person\/image\/","url":"https:\/\/secure.gravatar.com\/avatar\/0965dd5f32cc30379437df0f8477e9e30efde8fbdf43972a26bed3c422f43200?s=96&d=mm&r=g","contentUrl":"https:\/\/secure.gravatar.com\/avatar\/0965dd5f32cc30379437df0f8477e9e30efde8fbdf43972a26bed3c422f43200?s=96&d=mm&r=g","caption":"constanza"},"url":"https:\/\/digital1s3.perdigital.cl\/sitio1\/author\/constanza\/"}]}},"_links":{"self":[{"href":"https:\/\/digital1s3.perdigital.cl\/sitio1\/wp-json\/wp\/v2\/posts\/51","targetHints":{"allow":["GET"]}}],"collection":[{"href":"https:\/\/digital1s3.perdigital.cl\/sitio1\/wp-json\/wp\/v2\/posts"}],"about":[{"href":"https:\/\/digital1s3.perdigital.cl\/sitio1\/wp-json\/wp\/v2\/types\/post"}],"author":[{"embeddable":true,"href":"https:\/\/digital1s3.perdigital.cl\/sitio1\/wp-json\/wp\/v2\/users\/3"}],"replies":[{"embeddable":true,"href":"https:\/\/digital1s3.perdigital.cl\/sitio1\/wp-json\/wp\/v2\/comments?post=51"}],"version-history":[{"count":7,"href":"https:\/\/digital1s3.perdigital.cl\/sitio1\/wp-json\/wp\/v2\/posts\/51\/revisions"}],"predecessor-version":[{"id":68,"href":"https:\/\/digital1s3.perdigital.cl\/sitio1\/wp-json\/wp\/v2\/posts\/51\/revisions\/68"}],"wp:attachment":[{"href":"https:\/\/digital1s3.perdigital.cl\/sitio1\/wp-json\/wp\/v2\/media?parent=51"}],"wp:term":[{"taxonomy":"category","embeddable":true,"href":"https:\/\/digital1s3.perdigital.cl\/sitio1\/wp-json\/wp\/v2\/categories?post=51"},{"taxonomy":"post_tag","embeddable":true,"href":"https:\/\/digital1s3.perdigital.cl\/sitio1\/wp-json\/wp\/v2\/tags?post=51"}],"curies":[{"name":"wp","href":"https:\/\/api.w.org\/{rel}","templated":true}]}}