{"id":33,"date":"2026-04-24T21:38:29","date_gmt":"2026-04-25T00:38:29","guid":{"rendered":"https:\/\/digital1s3.perdigital.cl\/sitio1\/?p=33"},"modified":"2026-04-24T21:38:31","modified_gmt":"2026-04-25T00:38:31","slug":"revista-paula-cambios-en-sus-contenidos-y-estado-actual","status":"publish","type":"post","link":"https:\/\/digital1s3.perdigital.cl\/sitio1\/2026\/04\/24\/revista-paula-cambios-en-sus-contenidos-y-estado-actual\/","title":{"rendered":"Revista Paula: cambios en sus contenidos y estado actual"},"content":{"rendered":"\n<p>Desde su creaci\u00f3n en Chile en el a\u00f1o 1967 hasta el presente, esta ic\u00f3nica revista chilena ha vivido distintos cambios a nivel de escritura, contenidos y p\u00fablico al que se dirig\u00eda.\u00a0<br><\/p>\n\n\n\n<p><\/p>\n\n\n\n<p class=\"has-medium-font-size\">La revista Paula en sus principios ten\u00eda un p\u00fablico predilecto y contaba con un mensaje espec\u00edfico que compart\u00edan en cada uno de sus art\u00edculos de manera f\u00edsica, en estos <a href=\"https:\/\/www.memoriachilena.gob.cl\/602\/w3-article-41762.html\" id=\"https:\/\/www.memoriachilena.gob.cl\/602\/w3-article-41762.html\">se difundi\u00f3 la idea sobre la liberaci\u00f3n de la mujer como un ser aut\u00f3nomo<\/a> e independiente del hombre, adem\u00e1s de que se alejaba del rol de mujer tradicional impuesto durante aquella \u00e9poca de los 70.<\/p>\n\n\n\n<p class=\"has-medium-font-size\">Esta revista era principalmente le\u00edda por adolescentes y adultas, precisamente porque apuntaba y <a href=\"https:\/\/www.memoriachilena.gob.cl\/602\/w3-article-97473.html\" id=\"https:\/\/www.memoriachilena.gob.cl\/602\/w3-article-97473.html\">tocaba temas sobre experiencias femeninas que eran silenciadas o ignoradas<\/a> durante aquel tiempo, tales como, enfermedades y problemas psicol\u00f3gicos, el uso de drogas y la vida sexual de las mujeres. Esto gener\u00f3 que las lectoras del medio lograran identificarse y pudieran formar parte de la conversaci\u00f3n a trav\u00e9s de estas vivencias.<\/p>\n\n\n\n<figure class=\"wp-block-image size-large is-resized\"><img loading=\"lazy\" decoding=\"async\" width=\"1024\" height=\"640\" src=\"https:\/\/digital1s3.perdigital.cl\/sitio1\/wp-content\/uploads\/sites\/2\/2026\/04\/Diseno-sin-titulo-3-1024x640.jpeg\" alt=\"\" class=\"wp-image-36\" style=\"width:530px;height:auto\" srcset=\"https:\/\/digital1s3.perdigital.cl\/sitio1\/wp-content\/uploads\/sites\/2\/2026\/04\/Diseno-sin-titulo-3-1024x640.jpeg 1024w, https:\/\/digital1s3.perdigital.cl\/sitio1\/wp-content\/uploads\/sites\/2\/2026\/04\/Diseno-sin-titulo-3-300x188.jpeg 300w, https:\/\/digital1s3.perdigital.cl\/sitio1\/wp-content\/uploads\/sites\/2\/2026\/04\/Diseno-sin-titulo-3-768x480.jpeg 768w, https:\/\/digital1s3.perdigital.cl\/sitio1\/wp-content\/uploads\/sites\/2\/2026\/04\/Diseno-sin-titulo-3-1536x960.jpeg 1536w, https:\/\/digital1s3.perdigital.cl\/sitio1\/wp-content\/uploads\/sites\/2\/2026\/04\/Diseno-sin-titulo-3.jpeg 1625w\" sizes=\"auto, (max-width: 1024px) 100vw, 1024px\" \/><figcaption class=\"wp-element-caption\">Imagen del vol\u00famen, n\u00famero 131, de Revista Paula (enero 1973) y del ejemplar n\u00famero 144, de julio del 1973<\/figcaption><\/figure>\n\n\n\n<p class=\"is-style-text-subtitle has-large-font-size is-style-text-subtitle--1\"><strong>Tem\u00e1ticas tratadas en la Revista<\/strong><\/p>\n\n\n\n<p class=\"has-medium-font-size\"><br>Anteriormente, pod\u00edamos encontrarnos con ejemplares que tocaban temas, como el arte nacional, cuestiones de contingencia a nivel pa\u00eds, la pastilla del d\u00eda despu\u00e9s e incluso lleg\u00e1bamos a hallar sobre el c\u00f3mo hablaban libremente sobre la sexualidad femenina, en una \u00e9poca tan marcada por prejuicios hacia este tema en particular. La revista estaba decidida a informar los problemas que presentaban y por los cuales se ve\u00edan afectadas las mujeres, con un estilo directo y activo frente a las injusticias.<br><\/p>\n\n\n\n<figure class=\"wp-block-embed is-type-video is-provider-youtube wp-block-embed-youtube wp-embed-aspect-16-9 wp-has-aspect-ratio\"><div class=\"wp-block-embed__wrapper\">\n<iframe loading=\"lazy\" title=\"Revista Paula (1979)\" width=\"500\" height=\"281\" src=\"https:\/\/www.youtube.com\/embed\/BIbzefFpfuc?feature=oembed\" frameborder=\"0\" allow=\"accelerometer; autoplay; clipboard-write; encrypted-media; gyroscope; picture-in-picture; web-share\" referrerpolicy=\"strict-origin-when-cross-origin\" allowfullscreen><\/iframe>\n<\/div><\/figure>\n\n\n\n<p class=\"is-style-text-subtitle has-large-font-size is-style-text-subtitle--2\"><br><strong>Revista Paula en la actualidad <\/strong><\/p>\n\n\n\n<p class=\"has-medium-font-size\"><br>En la actualidad Paula deja de ser un medio de formato f\u00edsico para pasar a una modalidad digital bajo el grupo de La Tercera. Si bien en el presente la revista escribe sobre temas relacionados a la poblaci\u00f3n femenina, como lo es, el caso de Gis\u00e8le Pelicot, moda, sexualidad de la mujer, entre otros temas, deja de lados ciertos t\u00f3picos, donde se puede evidenciar como se apunta a un p\u00fablico de car\u00e1cter mucho m\u00e1s mayor, al tocar temas reiterativos en sus <a href=\"https:\/\/www.latercera.com\/canal\/paula\/\" id=\"https:\/\/www.latercera.com\/canal\/paula\/\">art\u00edculos relacionados con la cocina, alimentaci\u00f3n saludable y familia<\/a>. Esto deja la sensaci\u00f3n de que se perdi\u00f3 el punto sobre cu\u00e1l era el mensaje que quer\u00eda entregar la revista en sus inicios y a las lectoras a las que dirig\u00edan. Al hacer de lado temas importantes que podr\u00edan llegar a ser llamativos, como lo es el dise\u00f1o nacional, escritoras latinoamericanas, arte chileno, art\u00edculos para saber sobre la violencia masculina en el presente o sobre lo que est\u00e1 ocurriendo en la actualidad con las mujeres.<br><\/p>\n\n\n\n<p><\/p>\n","protected":false},"excerpt":{"rendered":"<p>Desde su creaci\u00f3n en Chile en el a\u00f1o 1967 hasta el presente, esta ic\u00f3nica revista chilena ha vivido distintos cambios a nivel de escritura, contenidos y p\u00fablico al que se dirig\u00eda. <\/p>\n","protected":false},"author":4,"featured_media":39,"comment_status":"open","ping_status":"open","sticky":false,"template":"","format":"standard","meta":{"footnotes":""},"categories":[7],"tags":[8,9,4,3,6],"class_list":["post-33","post","type-post","status-publish","format-standard","has-post-thumbnail","hentry","category-conociendo-paula","tag-actualidad","tag-feminismo-chileno","tag-periodismo-chileno","tag-revista-paula","tag-revistas"],"yoast_head":"<!-- This site is optimized with the Yoast SEO plugin v27.0 - https:\/\/yoast.com\/product\/yoast-seo-wordpress\/ -->\n<title>Revista Paula: cambios en sus contenidos y estado actual - sitio1<\/title>\n<meta name=\"robots\" content=\"index, follow, max-snippet:-1, max-image-preview:large, max-video-preview:-1\" \/>\n<link rel=\"canonical\" href=\"https:\/\/digital1s3.perdigital.cl\/sitio1\/2026\/04\/24\/revista-paula-cambios-en-sus-contenidos-y-estado-actual\/\" \/>\n<meta property=\"og:locale\" content=\"es_ES\" \/>\n<meta property=\"og:type\" content=\"article\" \/>\n<meta property=\"og:title\" content=\"Revista Paula: cambios en sus contenidos y estado actual - sitio1\" \/>\n<meta property=\"og:description\" content=\"Desde su creaci\u00f3n en Chile en el a\u00f1o 1967 hasta el presente, esta ic\u00f3nica revista chilena ha vivido distintos cambios a nivel de escritura, contenidos y p\u00fablico al que se dirig\u00eda.\" \/>\n<meta property=\"og:url\" content=\"https:\/\/digital1s3.perdigital.cl\/sitio1\/2026\/04\/24\/revista-paula-cambios-en-sus-contenidos-y-estado-actual\/\" \/>\n<meta property=\"og:site_name\" content=\"sitio1\" \/>\n<meta property=\"article:published_time\" content=\"2026-04-25T00:38:29+00:00\" \/>\n<meta property=\"article:modified_time\" content=\"2026-04-25T00:38:31+00:00\" \/>\n<meta property=\"og:image\" content=\"https:\/\/digital1s3.perdigital.cl\/sitio1\/wp-content\/uploads\/sites\/2\/2026\/04\/Diseno-sin-titulo-4.jpeg\" \/>\n\t<meta property=\"og:image:width\" content=\"828\" \/>\n\t<meta property=\"og:image:height\" content=\"497\" \/>\n\t<meta property=\"og:image:type\" content=\"image\/jpeg\" \/>\n<meta name=\"author\" content=\"isidora\" \/>\n<meta name=\"twitter:card\" content=\"summary_large_image\" \/>\n<meta name=\"twitter:label1\" content=\"Escrito por\" \/>\n\t<meta name=\"twitter:data1\" content=\"isidora\" \/>\n\t<meta name=\"twitter:label2\" content=\"Tiempo estimado de lectura\" \/>\n\t<meta name=\"twitter:data2\" content=\"3 minutos\" \/>\n<script type=\"application\/ld+json\" class=\"yoast-schema-graph\">{\"@context\":\"https:\/\/schema.org\",\"@graph\":[{\"@type\":\"Article\",\"@id\":\"https:\/\/digital1s3.perdigital.cl\/sitio1\/2026\/04\/24\/revista-paula-cambios-en-sus-contenidos-y-estado-actual\/#article\",\"isPartOf\":{\"@id\":\"https:\/\/digital1s3.perdigital.cl\/sitio1\/2026\/04\/24\/revista-paula-cambios-en-sus-contenidos-y-estado-actual\/\"},\"author\":{\"name\":\"isidora\",\"@id\":\"https:\/\/digital1s3.perdigital.cl\/sitio1\/#\/schema\/person\/881c736bc39b8cfd2bedcba49f02805c\"},\"headline\":\"Revista Paula: cambios en sus contenidos y estado actual\",\"datePublished\":\"2026-04-25T00:38:29+00:00\",\"dateModified\":\"2026-04-25T00:38:31+00:00\",\"mainEntityOfPage\":{\"@id\":\"https:\/\/digital1s3.perdigital.cl\/sitio1\/2026\/04\/24\/revista-paula-cambios-en-sus-contenidos-y-estado-actual\/\"},\"wordCount\":488,\"commentCount\":0,\"image\":{\"@id\":\"https:\/\/digital1s3.perdigital.cl\/sitio1\/2026\/04\/24\/revista-paula-cambios-en-sus-contenidos-y-estado-actual\/#primaryimage\"},\"thumbnailUrl\":\"https:\/\/digital1s3.perdigital.cl\/sitio1\/wp-content\/uploads\/sites\/2\/2026\/04\/Diseno-sin-titulo-4.jpeg\",\"keywords\":[\"Actualidad\",\"Feminismo chileno\",\"Periodismo chileno\",\"Revista paula\",\"Revistas\"],\"articleSection\":[\"Conociendo Paula\"],\"inLanguage\":\"es-CL\",\"potentialAction\":[{\"@type\":\"CommentAction\",\"name\":\"Comment\",\"target\":[\"https:\/\/digital1s3.perdigital.cl\/sitio1\/2026\/04\/24\/revista-paula-cambios-en-sus-contenidos-y-estado-actual\/#respond\"]}]},{\"@type\":\"WebPage\",\"@id\":\"https:\/\/digital1s3.perdigital.cl\/sitio1\/2026\/04\/24\/revista-paula-cambios-en-sus-contenidos-y-estado-actual\/\",\"url\":\"https:\/\/digital1s3.perdigital.cl\/sitio1\/2026\/04\/24\/revista-paula-cambios-en-sus-contenidos-y-estado-actual\/\",\"name\":\"Revista Paula: cambios en sus contenidos y estado actual - sitio1\",\"isPartOf\":{\"@id\":\"https:\/\/digital1s3.perdigital.cl\/sitio1\/#website\"},\"primaryImageOfPage\":{\"@id\":\"https:\/\/digital1s3.perdigital.cl\/sitio1\/2026\/04\/24\/revista-paula-cambios-en-sus-contenidos-y-estado-actual\/#primaryimage\"},\"image\":{\"@id\":\"https:\/\/digital1s3.perdigital.cl\/sitio1\/2026\/04\/24\/revista-paula-cambios-en-sus-contenidos-y-estado-actual\/#primaryimage\"},\"thumbnailUrl\":\"https:\/\/digital1s3.perdigital.cl\/sitio1\/wp-content\/uploads\/sites\/2\/2026\/04\/Diseno-sin-titulo-4.jpeg\",\"datePublished\":\"2026-04-25T00:38:29+00:00\",\"dateModified\":\"2026-04-25T00:38:31+00:00\",\"author\":{\"@id\":\"https:\/\/digital1s3.perdigital.cl\/sitio1\/#\/schema\/person\/881c736bc39b8cfd2bedcba49f02805c\"},\"breadcrumb\":{\"@id\":\"https:\/\/digital1s3.perdigital.cl\/sitio1\/2026\/04\/24\/revista-paula-cambios-en-sus-contenidos-y-estado-actual\/#breadcrumb\"},\"inLanguage\":\"es-CL\",\"potentialAction\":[{\"@type\":\"ReadAction\",\"target\":[\"https:\/\/digital1s3.perdigital.cl\/sitio1\/2026\/04\/24\/revista-paula-cambios-en-sus-contenidos-y-estado-actual\/\"]}]},{\"@type\":\"ImageObject\",\"inLanguage\":\"es-CL\",\"@id\":\"https:\/\/digital1s3.perdigital.cl\/sitio1\/2026\/04\/24\/revista-paula-cambios-en-sus-contenidos-y-estado-actual\/#primaryimage\",\"url\":\"https:\/\/digital1s3.perdigital.cl\/sitio1\/wp-content\/uploads\/sites\/2\/2026\/04\/Diseno-sin-titulo-4.jpeg\",\"contentUrl\":\"https:\/\/digital1s3.perdigital.cl\/sitio1\/wp-content\/uploads\/sites\/2\/2026\/04\/Diseno-sin-titulo-4.jpeg\",\"width\":828,\"height\":497},{\"@type\":\"BreadcrumbList\",\"@id\":\"https:\/\/digital1s3.perdigital.cl\/sitio1\/2026\/04\/24\/revista-paula-cambios-en-sus-contenidos-y-estado-actual\/#breadcrumb\",\"itemListElement\":[{\"@type\":\"ListItem\",\"position\":1,\"name\":\"Portada\",\"item\":\"https:\/\/digital1s3.perdigital.cl\/sitio1\/\"},{\"@type\":\"ListItem\",\"position\":2,\"name\":\"Revista Paula: cambios en sus contenidos y estado actual\"}]},{\"@type\":\"WebSite\",\"@id\":\"https:\/\/digital1s3.perdigital.cl\/sitio1\/#website\",\"url\":\"https:\/\/digital1s3.perdigital.cl\/sitio1\/\",\"name\":\"sitio1\",\"description\":\"\",\"potentialAction\":[{\"@type\":\"SearchAction\",\"target\":{\"@type\":\"EntryPoint\",\"urlTemplate\":\"https:\/\/digital1s3.perdigital.cl\/sitio1\/?s={search_term_string}\"},\"query-input\":{\"@type\":\"PropertyValueSpecification\",\"valueRequired\":true,\"valueName\":\"search_term_string\"}}],\"inLanguage\":\"es-CL\"},{\"@type\":\"Person\",\"@id\":\"https:\/\/digital1s3.perdigital.cl\/sitio1\/#\/schema\/person\/881c736bc39b8cfd2bedcba49f02805c\",\"name\":\"isidora\",\"image\":{\"@type\":\"ImageObject\",\"inLanguage\":\"es-CL\",\"@id\":\"https:\/\/digital1s3.perdigital.cl\/sitio1\/#\/schema\/person\/image\/\",\"url\":\"https:\/\/secure.gravatar.com\/avatar\/02e6511dafba05f681cb027a6c59bd80bae495e4ffd3cef5d6d4173d48bc8e15?s=96&d=mm&r=g\",\"contentUrl\":\"https:\/\/secure.gravatar.com\/avatar\/02e6511dafba05f681cb027a6c59bd80bae495e4ffd3cef5d6d4173d48bc8e15?s=96&d=mm&r=g\",\"caption\":\"isidora\"},\"url\":\"https:\/\/digital1s3.perdigital.cl\/sitio1\/author\/isidora\/\"}]}<\/script>\n<!-- \/ Yoast SEO plugin. -->","yoast_head_json":{"title":"Revista Paula: cambios en sus contenidos y estado actual - sitio1","robots":{"index":"index","follow":"follow","max-snippet":"max-snippet:-1","max-image-preview":"max-image-preview:large","max-video-preview":"max-video-preview:-1"},"canonical":"https:\/\/digital1s3.perdigital.cl\/sitio1\/2026\/04\/24\/revista-paula-cambios-en-sus-contenidos-y-estado-actual\/","og_locale":"es_ES","og_type":"article","og_title":"Revista Paula: cambios en sus contenidos y estado actual - sitio1","og_description":"Desde su creaci\u00f3n en Chile en el a\u00f1o 1967 hasta el presente, esta ic\u00f3nica revista chilena ha vivido distintos cambios a nivel de escritura, contenidos y p\u00fablico al que se dirig\u00eda.","og_url":"https:\/\/digital1s3.perdigital.cl\/sitio1\/2026\/04\/24\/revista-paula-cambios-en-sus-contenidos-y-estado-actual\/","og_site_name":"sitio1","article_published_time":"2026-04-25T00:38:29+00:00","article_modified_time":"2026-04-25T00:38:31+00:00","og_image":[{"width":828,"height":497,"url":"https:\/\/digital1s3.perdigital.cl\/sitio1\/wp-content\/uploads\/sites\/2\/2026\/04\/Diseno-sin-titulo-4.jpeg","type":"image\/jpeg"}],"author":"isidora","twitter_card":"summary_large_image","twitter_misc":{"Escrito por":"isidora","Tiempo estimado de lectura":"3 minutos"},"schema":{"@context":"https:\/\/schema.org","@graph":[{"@type":"Article","@id":"https:\/\/digital1s3.perdigital.cl\/sitio1\/2026\/04\/24\/revista-paula-cambios-en-sus-contenidos-y-estado-actual\/#article","isPartOf":{"@id":"https:\/\/digital1s3.perdigital.cl\/sitio1\/2026\/04\/24\/revista-paula-cambios-en-sus-contenidos-y-estado-actual\/"},"author":{"name":"isidora","@id":"https:\/\/digital1s3.perdigital.cl\/sitio1\/#\/schema\/person\/881c736bc39b8cfd2bedcba49f02805c"},"headline":"Revista Paula: cambios en sus contenidos y estado actual","datePublished":"2026-04-25T00:38:29+00:00","dateModified":"2026-04-25T00:38:31+00:00","mainEntityOfPage":{"@id":"https:\/\/digital1s3.perdigital.cl\/sitio1\/2026\/04\/24\/revista-paula-cambios-en-sus-contenidos-y-estado-actual\/"},"wordCount":488,"commentCount":0,"image":{"@id":"https:\/\/digital1s3.perdigital.cl\/sitio1\/2026\/04\/24\/revista-paula-cambios-en-sus-contenidos-y-estado-actual\/#primaryimage"},"thumbnailUrl":"https:\/\/digital1s3.perdigital.cl\/sitio1\/wp-content\/uploads\/sites\/2\/2026\/04\/Diseno-sin-titulo-4.jpeg","keywords":["Actualidad","Feminismo chileno","Periodismo chileno","Revista paula","Revistas"],"articleSection":["Conociendo Paula"],"inLanguage":"es-CL","potentialAction":[{"@type":"CommentAction","name":"Comment","target":["https:\/\/digital1s3.perdigital.cl\/sitio1\/2026\/04\/24\/revista-paula-cambios-en-sus-contenidos-y-estado-actual\/#respond"]}]},{"@type":"WebPage","@id":"https:\/\/digital1s3.perdigital.cl\/sitio1\/2026\/04\/24\/revista-paula-cambios-en-sus-contenidos-y-estado-actual\/","url":"https:\/\/digital1s3.perdigital.cl\/sitio1\/2026\/04\/24\/revista-paula-cambios-en-sus-contenidos-y-estado-actual\/","name":"Revista Paula: cambios en sus contenidos y estado actual - sitio1","isPartOf":{"@id":"https:\/\/digital1s3.perdigital.cl\/sitio1\/#website"},"primaryImageOfPage":{"@id":"https:\/\/digital1s3.perdigital.cl\/sitio1\/2026\/04\/24\/revista-paula-cambios-en-sus-contenidos-y-estado-actual\/#primaryimage"},"image":{"@id":"https:\/\/digital1s3.perdigital.cl\/sitio1\/2026\/04\/24\/revista-paula-cambios-en-sus-contenidos-y-estado-actual\/#primaryimage"},"thumbnailUrl":"https:\/\/digital1s3.perdigital.cl\/sitio1\/wp-content\/uploads\/sites\/2\/2026\/04\/Diseno-sin-titulo-4.jpeg","datePublished":"2026-04-25T00:38:29+00:00","dateModified":"2026-04-25T00:38:31+00:00","author":{"@id":"https:\/\/digital1s3.perdigital.cl\/sitio1\/#\/schema\/person\/881c736bc39b8cfd2bedcba49f02805c"},"breadcrumb":{"@id":"https:\/\/digital1s3.perdigital.cl\/sitio1\/2026\/04\/24\/revista-paula-cambios-en-sus-contenidos-y-estado-actual\/#breadcrumb"},"inLanguage":"es-CL","potentialAction":[{"@type":"ReadAction","target":["https:\/\/digital1s3.perdigital.cl\/sitio1\/2026\/04\/24\/revista-paula-cambios-en-sus-contenidos-y-estado-actual\/"]}]},{"@type":"ImageObject","inLanguage":"es-CL","@id":"https:\/\/digital1s3.perdigital.cl\/sitio1\/2026\/04\/24\/revista-paula-cambios-en-sus-contenidos-y-estado-actual\/#primaryimage","url":"https:\/\/digital1s3.perdigital.cl\/sitio1\/wp-content\/uploads\/sites\/2\/2026\/04\/Diseno-sin-titulo-4.jpeg","contentUrl":"https:\/\/digital1s3.perdigital.cl\/sitio1\/wp-content\/uploads\/sites\/2\/2026\/04\/Diseno-sin-titulo-4.jpeg","width":828,"height":497},{"@type":"BreadcrumbList","@id":"https:\/\/digital1s3.perdigital.cl\/sitio1\/2026\/04\/24\/revista-paula-cambios-en-sus-contenidos-y-estado-actual\/#breadcrumb","itemListElement":[{"@type":"ListItem","position":1,"name":"Portada","item":"https:\/\/digital1s3.perdigital.cl\/sitio1\/"},{"@type":"ListItem","position":2,"name":"Revista Paula: cambios en sus contenidos y estado actual"}]},{"@type":"WebSite","@id":"https:\/\/digital1s3.perdigital.cl\/sitio1\/#website","url":"https:\/\/digital1s3.perdigital.cl\/sitio1\/","name":"sitio1","description":"","potentialAction":[{"@type":"SearchAction","target":{"@type":"EntryPoint","urlTemplate":"https:\/\/digital1s3.perdigital.cl\/sitio1\/?s={search_term_string}"},"query-input":{"@type":"PropertyValueSpecification","valueRequired":true,"valueName":"search_term_string"}}],"inLanguage":"es-CL"},{"@type":"Person","@id":"https:\/\/digital1s3.perdigital.cl\/sitio1\/#\/schema\/person\/881c736bc39b8cfd2bedcba49f02805c","name":"isidora","image":{"@type":"ImageObject","inLanguage":"es-CL","@id":"https:\/\/digital1s3.perdigital.cl\/sitio1\/#\/schema\/person\/image\/","url":"https:\/\/secure.gravatar.com\/avatar\/02e6511dafba05f681cb027a6c59bd80bae495e4ffd3cef5d6d4173d48bc8e15?s=96&d=mm&r=g","contentUrl":"https:\/\/secure.gravatar.com\/avatar\/02e6511dafba05f681cb027a6c59bd80bae495e4ffd3cef5d6d4173d48bc8e15?s=96&d=mm&r=g","caption":"isidora"},"url":"https:\/\/digital1s3.perdigital.cl\/sitio1\/author\/isidora\/"}]}},"_links":{"self":[{"href":"https:\/\/digital1s3.perdigital.cl\/sitio1\/wp-json\/wp\/v2\/posts\/33","targetHints":{"allow":["GET"]}}],"collection":[{"href":"https:\/\/digital1s3.perdigital.cl\/sitio1\/wp-json\/wp\/v2\/posts"}],"about":[{"href":"https:\/\/digital1s3.perdigital.cl\/sitio1\/wp-json\/wp\/v2\/types\/post"}],"author":[{"embeddable":true,"href":"https:\/\/digital1s3.perdigital.cl\/sitio1\/wp-json\/wp\/v2\/users\/4"}],"replies":[{"embeddable":true,"href":"https:\/\/digital1s3.perdigital.cl\/sitio1\/wp-json\/wp\/v2\/comments?post=33"}],"version-history":[{"count":13,"href":"https:\/\/digital1s3.perdigital.cl\/sitio1\/wp-json\/wp\/v2\/posts\/33\/revisions"}],"predecessor-version":[{"id":50,"href":"https:\/\/digital1s3.perdigital.cl\/sitio1\/wp-json\/wp\/v2\/posts\/33\/revisions\/50"}],"wp:featuredmedia":[{"embeddable":true,"href":"https:\/\/digital1s3.perdigital.cl\/sitio1\/wp-json\/wp\/v2\/media\/39"}],"wp:attachment":[{"href":"https:\/\/digital1s3.perdigital.cl\/sitio1\/wp-json\/wp\/v2\/media?parent=33"}],"wp:term":[{"taxonomy":"category","embeddable":true,"href":"https:\/\/digital1s3.perdigital.cl\/sitio1\/wp-json\/wp\/v2\/categories?post=33"},{"taxonomy":"post_tag","embeddable":true,"href":"https:\/\/digital1s3.perdigital.cl\/sitio1\/wp-json\/wp\/v2\/tags?post=33"}],"curies":[{"name":"wp","href":"https:\/\/api.w.org\/{rel}","templated":true}]}}