{"id":21,"date":"2026-04-23T00:58:01","date_gmt":"2026-04-23T03:58:01","guid":{"rendered":"https:\/\/digital1s3.perdigital.cl\/sitio1\/?p=21"},"modified":"2026-04-23T09:37:14","modified_gmt":"2026-04-23T12:37:14","slug":"el-nacimiento-de-paula","status":"publish","type":"post","link":"https:\/\/digital1s3.perdigital.cl\/sitio1\/2026\/04\/23\/el-nacimiento-de-paula\/","title":{"rendered":"El nacimiento de Paula"},"content":{"rendered":"\n<p>Por Valentina Soto <\/p>\n\n\n\n<p>La Revista Paula nace en Chile en 1967, como una de las apuestas editoriales m\u00e1s innovadoras del periodismo chileno. Su aparici\u00f3n no fue inesperada: respondi\u00f3 a un momento de profundos cambios sociales, culturales y pol\u00edticos en Chile, en el que comenzaban a cuestionarse los roles tradicionales de g\u00e9neros y a ampliarse los espacios de participaci\u00f3n femenina en la vida p\u00fablica.<\/p>\n\n\n\n<p><em>Paula<\/em> fue concebida inicialmente como una revista dirigida exclusivamente a mujeres. Sin embargo, desde sus comienzos se mostr\u00f3 distante frente a las cl\u00e1sicas revistas femeninas del momento, las cuales estaban casi completamente centradas en la moda, cocina, vida dom\u00e9stica y consejos para el hogar. En contraste, esta nueva publicaci\u00f3n buscaba una identidad editorial distinta: m\u00e1s reflexiva, cr\u00edtica y conectada con los cambios de la \u00e9poca. <\/p>\n\n\n\n<p class=\"is-style-text-subtitle is-style-text-subtitle--1\"><sub><strong>Un proyecto editorial en sinton\u00eda con su tiempo <\/strong><\/sub><\/p>\n\n\n\n<p>La d\u00e9cada de 1960 fue un periodo de modernizaci\u00f3n en Chile, el cual fue marcado por reformas sociales, expansiones educativas y nuevas corrientes culturales. En este contexto, la revista surge como un medio que no solo buscaba informar, sino que tambi\u00e9n interpretaba los cambios surgidos desde una perspectiva novedosa.<\/p>\n\n\n\n<p>durante su conformaci\u00f3n, se crea un equipo editorial que rompe todos los esquemas tradicionales. Entre las figuras m\u00e1s relevantes destaca Delia Vergara, considerada una de las fundadoras y principales impulsoras del proyecto. Su rol fue importante a la hora de definir el tono y la l\u00ednea editorial de las revistas, donde buscaban apostar por contenidos que unieran actualidad, cultura y la reflexi\u00f3n social. <\/p>\n\n\n\n<figure class=\"wp-block-image size-full is-resized\"><img loading=\"lazy\" decoding=\"async\" width=\"275\" height=\"183\" src=\"https:\/\/digital1s3.perdigital.cl\/sitio1\/wp-content\/uploads\/sites\/2\/2026\/04\/1000000106.jpg\" alt=\"Fotograf\u00eda de Delia Vergara, tomada por la Universidad de Chile \n\" class=\"wp-image-22\" style=\"aspect-ratio:1.502825758178779;width:270px;height:auto\" \/><\/figure>\n\n\n\n<p class=\"has-small-font-size\">Fotograf\u00eda de Delia Vergara, en 2025, tomada por la Universidad de Chile. <\/p>\n\n\n\n<p>Junto a ella, participaron otras figuras influyentes dentro del periodismo y la cultura chilena, como Roberto Edwards Eastman, el cual fund\u00f3 junto con Delia la revista, donde buscaba hacer una contraposici\u00f3n a la <a href=\"https:\/\/es.wikipedia.org\/wiki\/Eva_(revista)\">revista Eva<\/a>, la cual a trav\u00e9s de sus art\u00edculos promocionaba la imagen de la mujer de hogar y la esposa fiel. Otra mujer importante dentro del medio fue Isabel Allende, destacada escritora e \u00edcono nacional, la cual colabor\u00f3 con la revista y ayud\u00f3 a escribir algunos de sus art\u00edculos.<\/p>\n\n\n\n<figure class=\"wp-block-image size-full is-resized\"><img loading=\"lazy\" decoding=\"async\" width=\"710\" height=\"399\" src=\"https:\/\/digital1s3.perdigital.cl\/sitio1\/wp-content\/uploads\/sites\/2\/2026\/04\/1000000107.jpg\" alt=\"\" class=\"wp-image-23\" style=\"aspect-ratio:1.779467680608365;width:252px;height:auto\" srcset=\"https:\/\/digital1s3.perdigital.cl\/sitio1\/wp-content\/uploads\/sites\/2\/2026\/04\/1000000107.jpg 710w, https:\/\/digital1s3.perdigital.cl\/sitio1\/wp-content\/uploads\/sites\/2\/2026\/04\/1000000107-300x169.jpg 300w\" sizes=\"auto, (max-width: 710px) 100vw, 710px\" \/><\/figure>\n\n\n\n<figure class=\"wp-block-image size-full is-resized\"><img loading=\"lazy\" decoding=\"async\" width=\"710\" height=\"399\" src=\"https:\/\/digital1s3.perdigital.cl\/sitio1\/wp-content\/uploads\/sites\/2\/2026\/04\/1000000108.jpg\" alt=\"\" class=\"wp-image-24\" style=\"aspect-ratio:1.779467680608365;width:253px;height:auto\" srcset=\"https:\/\/digital1s3.perdigital.cl\/sitio1\/wp-content\/uploads\/sites\/2\/2026\/04\/1000000108.jpg 710w, https:\/\/digital1s3.perdigital.cl\/sitio1\/wp-content\/uploads\/sites\/2\/2026\/04\/1000000108-300x169.jpg 300w\" sizes=\"auto, (max-width: 710px) 100vw, 710px\" \/><\/figure>\n\n\n\n<p class=\"has-small-font-size\">Fotograf\u00edas de Roberto Edwards e Isabel Allende, tomadas por Emol. <\/p>\n\n\n\n<p class=\"is-style-text-subtitle is-style-text-subtitle--2\">Una ruptura con la revista femenina <strong>tradicional<\/strong> <\/p>\n\n\n\n<p>Lo que distingui\u00f3 a la Revista Paula desde su origen fue la capacidad de incorporar dentro de sus art\u00edculos temas poco habituales y considerados un tab\u00fa dentro de la \u00e9poca. La revista abord\u00f3 cuestiones como la participaci\u00f3n pol\u00edtica de la mujer, la sexualidad, la educaci\u00f3n, los roles dentro de la familia y el hogar, y el acceso al trabajo remunerado.<\/p>\n\n\n\n<figure class=\"wp-block-embed is-type-video is-provider-youtube wp-block-embed-youtube wp-embed-aspect-16-9 wp-has-aspect-ratio\"><div class=\"wp-block-embed__wrapper\">\n<iframe loading=\"lazy\" title=\"Revista Paula (1979)\" width=\"500\" height=\"281\" src=\"https:\/\/www.youtube.com\/embed\/BIbzefFpfuc?feature=oembed\" frameborder=\"0\" allow=\"accelerometer; autoplay; clipboard-write; encrypted-media; gyroscope; picture-in-picture; web-share\" referrerpolicy=\"strict-origin-when-cross-origin\" allowfullscreen><\/iframe>\n<\/div><\/figure>\n\n\n\n<p>este enfoque editorial permiti\u00f3 que <em>Paula<\/em> se diferenciara claramente de otras revistas contempor\u00e1neas, logrando posicionarse como un medio m\u00e1s cercano al periodismo interpretativo y cultural que al simple entretenimiento. <\/p>\n\n\n\n<p class=\"is-style-text-subtitle is-style-text-subtitle--3\">Influencia y proyecci\u00f3n en el tiempo<\/p>\n\n\n\n<p>Su impacto no se limit\u00f3 a su contenido, sino que tambi\u00e9n se expres\u00f3 en la forma en que contribuy\u00f3 a redefinir la representaci\u00f3n de la mujer en los medios. La revista fue parte de un gran proceso de transformaciones culturales, donde se comenzaron a crear espacios para voces y experiencias que anteriormente hab\u00edan sido invisibilizadas.<\/p>\n\n\n\n<p>Es en este contexto donde <em>Paula<\/em> no solo acompa\u00f1\u00f3 en los cambios sociales, sino que particip\u00f3 activamente en ellos, ofreciendo un medio donde existieran nuevas miradas sobre la mujer, su rol dentro de la sociedad y su relaci\u00f3n con la cultura y la pol\u00edtica. <\/p>\n\n\n\n<p class=\"is-style-text-subtitle is-style-text-subtitle--4\"><strong>Un legado en la historia del periodismo chileno<\/strong> <\/p>\n\n\n\n<p>A m\u00b4as de medio siglo de la creaci\u00f3n de la Revista Paula, esta sigue siendo recordada como un medio pionero. Su propuesta editorial marc\u00f3 un antes y un despu\u00e9s en la forma de concebir las revistas que van dirigidas a las mujeres chilenas, logrando as\u00ed ampliar los l\u00edmites tem\u00e1ticos y promoviendo una mirada m\u00e1s cr\u00edtica y reflexiva.<\/p>\n\n\n\n<p>Su legado radica en haber abierto un espacio para el debate y la expresi\u00f3n de nuevas identidades femeninas en un periodo clave de nuestra historia nacional. De esta forma, <em>Paula<\/em> no solo fue testigo de su tiempo, sino que tambi\u00e9n protagonista de los cambios que redefinieron la sociedad chilena en la segunda mitad del siglo XX. <\/p>\n\n\n\n<p><\/p>\n","protected":false},"excerpt":{"rendered":"<p>Por Valentina Soto La Revista Paula nace en Chile en 1967, como una de las apuestas editoriales m\u00e1s innovadoras del periodismo chileno. Su aparici\u00f3n no fue inesperada: respondi\u00f3 a un momento de profundos cambios sociales, culturales y pol\u00edticos en Chile, en el que comenzaban a cuestionarse los roles tradicionales de g\u00e9neros y a ampliarse los [&hellip;]<\/p>\n","protected":false},"author":5,"featured_media":25,"comment_status":"open","ping_status":"open","sticky":false,"template":"","format":"standard","meta":{"footnotes":""},"categories":[7],"tags":[5,4,3,6],"class_list":["post-21","post","type-post","status-publish","format-standard","has-post-thumbnail","hentry","category-conociendo-paula","tag-medios-digitales","tag-periodismo-chileno","tag-revista-paula","tag-revistas"],"yoast_head":"<!-- This site is optimized with the Yoast SEO plugin v27.0 - https:\/\/yoast.com\/product\/yoast-seo-wordpress\/ -->\n<title>El nacimiento de Paula - sitio1<\/title>\n<meta name=\"robots\" content=\"index, follow, max-snippet:-1, max-image-preview:large, max-video-preview:-1\" \/>\n<link rel=\"canonical\" href=\"https:\/\/digital1s3.perdigital.cl\/sitio1\/2026\/04\/23\/el-nacimiento-de-paula\/\" \/>\n<meta property=\"og:locale\" content=\"es_ES\" \/>\n<meta property=\"og:type\" content=\"article\" \/>\n<meta property=\"og:title\" content=\"El nacimiento de Paula - sitio1\" \/>\n<meta property=\"og:description\" content=\"Por Valentina Soto La Revista Paula nace en Chile en 1967, como una de las apuestas editoriales m\u00e1s innovadoras del periodismo chileno. Su aparici\u00f3n no fue inesperada: respondi\u00f3 a un momento de profundos cambios sociales, culturales y pol\u00edticos en Chile, en el que comenzaban a cuestionarse los roles tradicionales de g\u00e9neros y a ampliarse los [&hellip;]\" \/>\n<meta property=\"og:url\" content=\"https:\/\/digital1s3.perdigital.cl\/sitio1\/2026\/04\/23\/el-nacimiento-de-paula\/\" \/>\n<meta property=\"og:site_name\" content=\"sitio1\" \/>\n<meta property=\"article:published_time\" content=\"2026-04-23T03:58:01+00:00\" \/>\n<meta property=\"article:modified_time\" content=\"2026-04-23T12:37:14+00:00\" \/>\n<meta property=\"og:image\" content=\"https:\/\/digital1s3.perdigital.cl\/sitio1\/wp-content\/uploads\/sites\/2\/2026\/04\/articles-100797_recurso_img1.thumb_.jpg\" \/>\n\t<meta property=\"og:image:width\" content=\"200\" \/>\n\t<meta property=\"og:image:height\" content=\"275\" \/>\n\t<meta property=\"og:image:type\" content=\"image\/jpeg\" \/>\n<meta name=\"author\" content=\"valentina\" \/>\n<meta name=\"twitter:card\" content=\"summary_large_image\" \/>\n<meta name=\"twitter:label1\" content=\"Escrito por\" \/>\n\t<meta name=\"twitter:data1\" content=\"valentina\" \/>\n\t<meta name=\"twitter:label2\" content=\"Tiempo estimado de lectura\" \/>\n\t<meta name=\"twitter:data2\" content=\"4 minutos\" \/>\n<script type=\"application\/ld+json\" class=\"yoast-schema-graph\">{\"@context\":\"https:\/\/schema.org\",\"@graph\":[{\"@type\":\"Article\",\"@id\":\"https:\/\/digital1s3.perdigital.cl\/sitio1\/2026\/04\/23\/el-nacimiento-de-paula\/#article\",\"isPartOf\":{\"@id\":\"https:\/\/digital1s3.perdigital.cl\/sitio1\/2026\/04\/23\/el-nacimiento-de-paula\/\"},\"author\":{\"name\":\"valentina\",\"@id\":\"https:\/\/digital1s3.perdigital.cl\/sitio1\/#\/schema\/person\/8286ffbc5e0cae7fec1dbdc7b286402a\"},\"headline\":\"El nacimiento de Paula\",\"datePublished\":\"2026-04-23T03:58:01+00:00\",\"dateModified\":\"2026-04-23T12:37:14+00:00\",\"mainEntityOfPage\":{\"@id\":\"https:\/\/digital1s3.perdigital.cl\/sitio1\/2026\/04\/23\/el-nacimiento-de-paula\/\"},\"wordCount\":729,\"commentCount\":0,\"image\":{\"@id\":\"https:\/\/digital1s3.perdigital.cl\/sitio1\/2026\/04\/23\/el-nacimiento-de-paula\/#primaryimage\"},\"thumbnailUrl\":\"https:\/\/digital1s3.perdigital.cl\/sitio1\/wp-content\/uploads\/sites\/2\/2026\/04\/articles-100797_recurso_img1.thumb_.jpg\",\"keywords\":[\"Medios digitales\",\"Periodismo chileno\",\"Revista paula\",\"Revistas\"],\"articleSection\":[\"Conociendo Paula\"],\"inLanguage\":\"es-CL\",\"potentialAction\":[{\"@type\":\"CommentAction\",\"name\":\"Comment\",\"target\":[\"https:\/\/digital1s3.perdigital.cl\/sitio1\/2026\/04\/23\/el-nacimiento-de-paula\/#respond\"]}]},{\"@type\":\"WebPage\",\"@id\":\"https:\/\/digital1s3.perdigital.cl\/sitio1\/2026\/04\/23\/el-nacimiento-de-paula\/\",\"url\":\"https:\/\/digital1s3.perdigital.cl\/sitio1\/2026\/04\/23\/el-nacimiento-de-paula\/\",\"name\":\"El nacimiento de Paula - sitio1\",\"isPartOf\":{\"@id\":\"https:\/\/digital1s3.perdigital.cl\/sitio1\/#website\"},\"primaryImageOfPage\":{\"@id\":\"https:\/\/digital1s3.perdigital.cl\/sitio1\/2026\/04\/23\/el-nacimiento-de-paula\/#primaryimage\"},\"image\":{\"@id\":\"https:\/\/digital1s3.perdigital.cl\/sitio1\/2026\/04\/23\/el-nacimiento-de-paula\/#primaryimage\"},\"thumbnailUrl\":\"https:\/\/digital1s3.perdigital.cl\/sitio1\/wp-content\/uploads\/sites\/2\/2026\/04\/articles-100797_recurso_img1.thumb_.jpg\",\"datePublished\":\"2026-04-23T03:58:01+00:00\",\"dateModified\":\"2026-04-23T12:37:14+00:00\",\"author\":{\"@id\":\"https:\/\/digital1s3.perdigital.cl\/sitio1\/#\/schema\/person\/8286ffbc5e0cae7fec1dbdc7b286402a\"},\"breadcrumb\":{\"@id\":\"https:\/\/digital1s3.perdigital.cl\/sitio1\/2026\/04\/23\/el-nacimiento-de-paula\/#breadcrumb\"},\"inLanguage\":\"es-CL\",\"potentialAction\":[{\"@type\":\"ReadAction\",\"target\":[\"https:\/\/digital1s3.perdigital.cl\/sitio1\/2026\/04\/23\/el-nacimiento-de-paula\/\"]}]},{\"@type\":\"ImageObject\",\"inLanguage\":\"es-CL\",\"@id\":\"https:\/\/digital1s3.perdigital.cl\/sitio1\/2026\/04\/23\/el-nacimiento-de-paula\/#primaryimage\",\"url\":\"https:\/\/digital1s3.perdigital.cl\/sitio1\/wp-content\/uploads\/sites\/2\/2026\/04\/articles-100797_recurso_img1.thumb_.jpg\",\"contentUrl\":\"https:\/\/digital1s3.perdigital.cl\/sitio1\/wp-content\/uploads\/sites\/2\/2026\/04\/articles-100797_recurso_img1.thumb_.jpg\",\"width\":200,\"height\":275},{\"@type\":\"BreadcrumbList\",\"@id\":\"https:\/\/digital1s3.perdigital.cl\/sitio1\/2026\/04\/23\/el-nacimiento-de-paula\/#breadcrumb\",\"itemListElement\":[{\"@type\":\"ListItem\",\"position\":1,\"name\":\"Portada\",\"item\":\"https:\/\/digital1s3.perdigital.cl\/sitio1\/\"},{\"@type\":\"ListItem\",\"position\":2,\"name\":\"El nacimiento de Paula\"}]},{\"@type\":\"WebSite\",\"@id\":\"https:\/\/digital1s3.perdigital.cl\/sitio1\/#website\",\"url\":\"https:\/\/digital1s3.perdigital.cl\/sitio1\/\",\"name\":\"sitio1\",\"description\":\"\",\"potentialAction\":[{\"@type\":\"SearchAction\",\"target\":{\"@type\":\"EntryPoint\",\"urlTemplate\":\"https:\/\/digital1s3.perdigital.cl\/sitio1\/?s={search_term_string}\"},\"query-input\":{\"@type\":\"PropertyValueSpecification\",\"valueRequired\":true,\"valueName\":\"search_term_string\"}}],\"inLanguage\":\"es-CL\"},{\"@type\":\"Person\",\"@id\":\"https:\/\/digital1s3.perdigital.cl\/sitio1\/#\/schema\/person\/8286ffbc5e0cae7fec1dbdc7b286402a\",\"name\":\"valentina\",\"image\":{\"@type\":\"ImageObject\",\"inLanguage\":\"es-CL\",\"@id\":\"https:\/\/digital1s3.perdigital.cl\/sitio1\/#\/schema\/person\/image\/\",\"url\":\"https:\/\/secure.gravatar.com\/avatar\/fc4ce6e8548d0e08dda363ccb076a51994c07fe9ff6ff03b5ee94d168664a117?s=96&d=mm&r=g\",\"contentUrl\":\"https:\/\/secure.gravatar.com\/avatar\/fc4ce6e8548d0e08dda363ccb076a51994c07fe9ff6ff03b5ee94d168664a117?s=96&d=mm&r=g\",\"caption\":\"valentina\"},\"url\":\"https:\/\/digital1s3.perdigital.cl\/sitio1\/author\/valentina\/\"}]}<\/script>\n<!-- \/ Yoast SEO plugin. -->","yoast_head_json":{"title":"El nacimiento de Paula - sitio1","robots":{"index":"index","follow":"follow","max-snippet":"max-snippet:-1","max-image-preview":"max-image-preview:large","max-video-preview":"max-video-preview:-1"},"canonical":"https:\/\/digital1s3.perdigital.cl\/sitio1\/2026\/04\/23\/el-nacimiento-de-paula\/","og_locale":"es_ES","og_type":"article","og_title":"El nacimiento de Paula - sitio1","og_description":"Por Valentina Soto La Revista Paula nace en Chile en 1967, como una de las apuestas editoriales m\u00e1s innovadoras del periodismo chileno. Su aparici\u00f3n no fue inesperada: respondi\u00f3 a un momento de profundos cambios sociales, culturales y pol\u00edticos en Chile, en el que comenzaban a cuestionarse los roles tradicionales de g\u00e9neros y a ampliarse los [&hellip;]","og_url":"https:\/\/digital1s3.perdigital.cl\/sitio1\/2026\/04\/23\/el-nacimiento-de-paula\/","og_site_name":"sitio1","article_published_time":"2026-04-23T03:58:01+00:00","article_modified_time":"2026-04-23T12:37:14+00:00","og_image":[{"width":200,"height":275,"url":"https:\/\/digital1s3.perdigital.cl\/sitio1\/wp-content\/uploads\/sites\/2\/2026\/04\/articles-100797_recurso_img1.thumb_.jpg","type":"image\/jpeg"}],"author":"valentina","twitter_card":"summary_large_image","twitter_misc":{"Escrito por":"valentina","Tiempo estimado de lectura":"4 minutos"},"schema":{"@context":"https:\/\/schema.org","@graph":[{"@type":"Article","@id":"https:\/\/digital1s3.perdigital.cl\/sitio1\/2026\/04\/23\/el-nacimiento-de-paula\/#article","isPartOf":{"@id":"https:\/\/digital1s3.perdigital.cl\/sitio1\/2026\/04\/23\/el-nacimiento-de-paula\/"},"author":{"name":"valentina","@id":"https:\/\/digital1s3.perdigital.cl\/sitio1\/#\/schema\/person\/8286ffbc5e0cae7fec1dbdc7b286402a"},"headline":"El nacimiento de Paula","datePublished":"2026-04-23T03:58:01+00:00","dateModified":"2026-04-23T12:37:14+00:00","mainEntityOfPage":{"@id":"https:\/\/digital1s3.perdigital.cl\/sitio1\/2026\/04\/23\/el-nacimiento-de-paula\/"},"wordCount":729,"commentCount":0,"image":{"@id":"https:\/\/digital1s3.perdigital.cl\/sitio1\/2026\/04\/23\/el-nacimiento-de-paula\/#primaryimage"},"thumbnailUrl":"https:\/\/digital1s3.perdigital.cl\/sitio1\/wp-content\/uploads\/sites\/2\/2026\/04\/articles-100797_recurso_img1.thumb_.jpg","keywords":["Medios digitales","Periodismo chileno","Revista paula","Revistas"],"articleSection":["Conociendo Paula"],"inLanguage":"es-CL","potentialAction":[{"@type":"CommentAction","name":"Comment","target":["https:\/\/digital1s3.perdigital.cl\/sitio1\/2026\/04\/23\/el-nacimiento-de-paula\/#respond"]}]},{"@type":"WebPage","@id":"https:\/\/digital1s3.perdigital.cl\/sitio1\/2026\/04\/23\/el-nacimiento-de-paula\/","url":"https:\/\/digital1s3.perdigital.cl\/sitio1\/2026\/04\/23\/el-nacimiento-de-paula\/","name":"El nacimiento de Paula - sitio1","isPartOf":{"@id":"https:\/\/digital1s3.perdigital.cl\/sitio1\/#website"},"primaryImageOfPage":{"@id":"https:\/\/digital1s3.perdigital.cl\/sitio1\/2026\/04\/23\/el-nacimiento-de-paula\/#primaryimage"},"image":{"@id":"https:\/\/digital1s3.perdigital.cl\/sitio1\/2026\/04\/23\/el-nacimiento-de-paula\/#primaryimage"},"thumbnailUrl":"https:\/\/digital1s3.perdigital.cl\/sitio1\/wp-content\/uploads\/sites\/2\/2026\/04\/articles-100797_recurso_img1.thumb_.jpg","datePublished":"2026-04-23T03:58:01+00:00","dateModified":"2026-04-23T12:37:14+00:00","author":{"@id":"https:\/\/digital1s3.perdigital.cl\/sitio1\/#\/schema\/person\/8286ffbc5e0cae7fec1dbdc7b286402a"},"breadcrumb":{"@id":"https:\/\/digital1s3.perdigital.cl\/sitio1\/2026\/04\/23\/el-nacimiento-de-paula\/#breadcrumb"},"inLanguage":"es-CL","potentialAction":[{"@type":"ReadAction","target":["https:\/\/digital1s3.perdigital.cl\/sitio1\/2026\/04\/23\/el-nacimiento-de-paula\/"]}]},{"@type":"ImageObject","inLanguage":"es-CL","@id":"https:\/\/digital1s3.perdigital.cl\/sitio1\/2026\/04\/23\/el-nacimiento-de-paula\/#primaryimage","url":"https:\/\/digital1s3.perdigital.cl\/sitio1\/wp-content\/uploads\/sites\/2\/2026\/04\/articles-100797_recurso_img1.thumb_.jpg","contentUrl":"https:\/\/digital1s3.perdigital.cl\/sitio1\/wp-content\/uploads\/sites\/2\/2026\/04\/articles-100797_recurso_img1.thumb_.jpg","width":200,"height":275},{"@type":"BreadcrumbList","@id":"https:\/\/digital1s3.perdigital.cl\/sitio1\/2026\/04\/23\/el-nacimiento-de-paula\/#breadcrumb","itemListElement":[{"@type":"ListItem","position":1,"name":"Portada","item":"https:\/\/digital1s3.perdigital.cl\/sitio1\/"},{"@type":"ListItem","position":2,"name":"El nacimiento de Paula"}]},{"@type":"WebSite","@id":"https:\/\/digital1s3.perdigital.cl\/sitio1\/#website","url":"https:\/\/digital1s3.perdigital.cl\/sitio1\/","name":"sitio1","description":"","potentialAction":[{"@type":"SearchAction","target":{"@type":"EntryPoint","urlTemplate":"https:\/\/digital1s3.perdigital.cl\/sitio1\/?s={search_term_string}"},"query-input":{"@type":"PropertyValueSpecification","valueRequired":true,"valueName":"search_term_string"}}],"inLanguage":"es-CL"},{"@type":"Person","@id":"https:\/\/digital1s3.perdigital.cl\/sitio1\/#\/schema\/person\/8286ffbc5e0cae7fec1dbdc7b286402a","name":"valentina","image":{"@type":"ImageObject","inLanguage":"es-CL","@id":"https:\/\/digital1s3.perdigital.cl\/sitio1\/#\/schema\/person\/image\/","url":"https:\/\/secure.gravatar.com\/avatar\/fc4ce6e8548d0e08dda363ccb076a51994c07fe9ff6ff03b5ee94d168664a117?s=96&d=mm&r=g","contentUrl":"https:\/\/secure.gravatar.com\/avatar\/fc4ce6e8548d0e08dda363ccb076a51994c07fe9ff6ff03b5ee94d168664a117?s=96&d=mm&r=g","caption":"valentina"},"url":"https:\/\/digital1s3.perdigital.cl\/sitio1\/author\/valentina\/"}]}},"_links":{"self":[{"href":"https:\/\/digital1s3.perdigital.cl\/sitio1\/wp-json\/wp\/v2\/posts\/21","targetHints":{"allow":["GET"]}}],"collection":[{"href":"https:\/\/digital1s3.perdigital.cl\/sitio1\/wp-json\/wp\/v2\/posts"}],"about":[{"href":"https:\/\/digital1s3.perdigital.cl\/sitio1\/wp-json\/wp\/v2\/types\/post"}],"author":[{"embeddable":true,"href":"https:\/\/digital1s3.perdigital.cl\/sitio1\/wp-json\/wp\/v2\/users\/5"}],"replies":[{"embeddable":true,"href":"https:\/\/digital1s3.perdigital.cl\/sitio1\/wp-json\/wp\/v2\/comments?post=21"}],"version-history":[{"count":2,"href":"https:\/\/digital1s3.perdigital.cl\/sitio1\/wp-json\/wp\/v2\/posts\/21\/revisions"}],"predecessor-version":[{"id":28,"href":"https:\/\/digital1s3.perdigital.cl\/sitio1\/wp-json\/wp\/v2\/posts\/21\/revisions\/28"}],"wp:featuredmedia":[{"embeddable":true,"href":"https:\/\/digital1s3.perdigital.cl\/sitio1\/wp-json\/wp\/v2\/media\/25"}],"wp:attachment":[{"href":"https:\/\/digital1s3.perdigital.cl\/sitio1\/wp-json\/wp\/v2\/media?parent=21"}],"wp:term":[{"taxonomy":"category","embeddable":true,"href":"https:\/\/digital1s3.perdigital.cl\/sitio1\/wp-json\/wp\/v2\/categories?post=21"},{"taxonomy":"post_tag","embeddable":true,"href":"https:\/\/digital1s3.perdigital.cl\/sitio1\/wp-json\/wp\/v2\/tags?post=21"}],"curies":[{"name":"wp","href":"https:\/\/api.w.org\/{rel}","templated":true}]}}