{"id":11,"date":"2026-04-20T21:29:28","date_gmt":"2026-04-21T00:29:28","guid":{"rendered":"https:\/\/digital1s3.perdigital.cl\/sitio1\/?p=11"},"modified":"2026-04-23T10:14:26","modified_gmt":"2026-04-23T13:14:26","slug":"paula-un-icono-de-la-prensa-femenina-chilena","status":"publish","type":"post","link":"https:\/\/digital1s3.perdigital.cl\/sitio1\/2026\/04\/20\/paula-un-icono-de-la-prensa-femenina-chilena\/","title":{"rendered":"Paula: Un icono de la prensa femenina chilena"},"content":{"rendered":"\n<p class=\"is-style-default has-small-font-size\">Por Constanza Torres<\/p>\n\n\n\n<figure class=\"wp-block-gallery has-nested-images columns-default is-cropped wp-block-gallery-1 is-layout-flex wp-block-gallery-is-layout-flex\">\n<figure class=\"wp-block-image size-large\"><img loading=\"lazy\" decoding=\"async\" width=\"1024\" height=\"512\" data-id=\"15\" src=\"https:\/\/digital1s3.perdigital.cl\/sitio1\/wp-content\/uploads\/sites\/2\/2026\/04\/Diseno-sin-titulo-2-1024x512.jpeg\" alt=\"\" class=\"wp-image-15\" srcset=\"https:\/\/digital1s3.perdigital.cl\/sitio1\/wp-content\/uploads\/sites\/2\/2026\/04\/Diseno-sin-titulo-2-1024x512.jpeg 1024w, https:\/\/digital1s3.perdigital.cl\/sitio1\/wp-content\/uploads\/sites\/2\/2026\/04\/Diseno-sin-titulo-2-300x150.jpeg 300w, https:\/\/digital1s3.perdigital.cl\/sitio1\/wp-content\/uploads\/sites\/2\/2026\/04\/Diseno-sin-titulo-2-768x384.jpeg 768w, https:\/\/digital1s3.perdigital.cl\/sitio1\/wp-content\/uploads\/sites\/2\/2026\/04\/Diseno-sin-titulo-2-1536x768.jpeg 1536w, https:\/\/digital1s3.perdigital.cl\/sitio1\/wp-content\/uploads\/sites\/2\/2026\/04\/Diseno-sin-titulo-2-2048x1024.jpeg 2048w\" sizes=\"auto, (max-width: 1024px) 100vw, 1024px\" \/><\/figure>\n<\/figure>\n\n\n\n<p class=\"is-style-default has-small-font-size\">Imagen: Portadas Revista Paula a\u00f1os 1967, 1975 y 1987<\/p>\n\n\n\n<p class=\"is-style-default has-small-font-size\">Fuente: La Tercera<\/p>\n\n\n\n<p class=\"is-style-text-subtitle is-style-text-subtitle--2\">Un estilo editorial propio<\/p>\n\n\n\n<p>La revista Paula <strong>naci\u00f3 en 1967<\/strong> como un medio <strong>dirigido a la mujer<\/strong> moderna y r\u00e1pidamente se transform\u00f3 en un espacio innovador dentro de los medios de comunicaci\u00f3n chilenos. En una \u00e9poca donde los contenidos dirigidos a mujeres se limitaban a crianza y cocina, Paula apost\u00f3 por algo distinto. Desde sus primeras ediciones Paula abord\u00f3 cultura, sociedad, pol\u00edtica, actualidad e inclusive sexualidad desde una <strong>mirada femenina<\/strong>.<\/p>\n\n\n\n<p>Adem\u00e1s de sus contenidos escritos, Revista Paula tambi\u00e9n particip\u00f3 en iniciativas y registros audiovisuales de su \u00e9poca. El siguiente video demuestra un breve ejemplo de c\u00f3mo la revista se vinculaba con eventos y tendencias del momento.<\/p>\n\n\n\n<figure class=\"wp-block-embed is-type-video is-provider-youtube wp-block-embed-youtube wp-embed-aspect-16-9 wp-has-aspect-ratio\"><div class=\"wp-block-embed__wrapper\">\n<iframe loading=\"lazy\" title=\"Revista Paula (1979)\" width=\"500\" height=\"281\" src=\"https:\/\/www.youtube.com\/embed\/BIbzefFpfuc?feature=oembed\" frameborder=\"0\" allow=\"accelerometer; autoplay; clipboard-write; encrypted-media; gyroscope; picture-in-picture; web-share\" referrerpolicy=\"strict-origin-when-cross-origin\" allowfullscreen><\/iframe>\n<\/div><\/figure>\n\n\n\n<p>Durante d\u00e9cadas, la revista se posicion\u00f3 como una de las voces m\u00e1s influyentes, destacando por sus entrevistas, cr\u00f3nicas y reportajes. Fue un punto clave en la apertura de conversaciones sobre temas que antes eran considerados tab\u00fa, como el rol de la mujer en la sociedad, sexualidad e independencia econ\u00f3mica.<\/p>\n\n\n\n<p>Uno de los sellos m\u00e1s reconocibles de Paula fue su l\u00ednea editorial cercana, reflexiva y con una mirada cr\u00edtica pero accesible. No era una revista superficial, sino que combinaba contenido liviano como moda, tendencias o estilo de vida con temas m\u00e1s pesados, logrando un equilibrio que conect\u00f3 con distintas generaciones.<\/p>\n\n\n\n<p>Si quieres ver ejemplos del tipo de contenido que desarrollaba, puedes revisar este enlace de <a href=\"https:\/\/www.memoriachilena.gob.cl\/602\/w3-article-100797.html#presentacion\"><strong>Memoria chilena<\/strong><\/a><\/p>\n\n\n\n<p class=\"is-style-text-subtitle is-style-text-subtitle--3\">Crisis y cierre de la edici\u00f3n impresa<\/p>\n\n\n\n<p>A pesar de su relevancia hist\u00f3rica, la revista no se vio ajena a los cambios en la industria de los medios. Con la llegada de los medios digitales y la disminuci\u00f3n de la venta de material impreso, su modelo se vio debilitado.<\/p>\n\n\n\n<p class=\"has-large-font-size\">El a\u00f1o <strong>2018<\/strong> se anunci\u00f3 el <strong>fin de su versi\u00f3n impresa<\/strong>, marcando un cierre para una de sus etapas m\u00e1s importantes.&nbsp;Tras su cierre la revista pas\u00f3 a convertirse en un canal digital dentro del sitio web de <strong>La Tercera<\/strong>.<\/p>\n\n\n\n<p class=\"is-style-text-subtitle is-style-text-subtitle--4\">Presencia en la actualidad<\/p>\n\n\n\n<p>En la actualidad, la revista Paula sigue existiendo en un formato digital, manteniendo parte de su esencia, pero adapt\u00e1ndose a las nuevas audiencias. Sus contenidos siguen abordando temas de g\u00e9nero, cultura, sexualidad y estilo de vida aunque en un formato m\u00e1s inmediato y pensado para redes sociales.<\/p>\n\n\n\n<p>M\u00e1s all\u00e1 de su formato actual, Paula sigue siendo un referente cuando se habla de medios dirigidos a la poblaci\u00f3n femenina en Chile. Su aporte no fue s\u00f3lo informativo, sino tambi\u00e9n cultural, abriendo espacios de conversaci\u00f3n que hoy resultan cotidianos, pero que en su momento fueron <strong>innovadores y desafiantes.<\/strong><\/p>\n\n\n\n<p><\/p>\n\n\n\n<p><\/p>\n","protected":false},"excerpt":{"rendered":"<p>Un recorrido por la historia de Revista Paula, su impacto en la prensa chilena y c\u00f3mo ha logrado adaptarse a los cambios del mundo digital sin perder su escencia<\/p>\n","protected":false},"author":3,"featured_media":15,"comment_status":"open","ping_status":"open","sticky":false,"template":"","format":"standard","meta":{"footnotes":""},"categories":[7],"tags":[5,4,3,6],"class_list":["post-11","post","type-post","status-publish","format-standard","has-post-thumbnail","hentry","category-conociendo-paula","tag-medios-digitales","tag-periodismo-chileno","tag-revista-paula","tag-revistas"],"yoast_head":"<!-- This site is optimized with the Yoast SEO plugin v27.0 - https:\/\/yoast.com\/product\/yoast-seo-wordpress\/ -->\n<title>Paula: Un icono de la prensa femenina chilena - sitio1<\/title>\n<meta name=\"robots\" content=\"index, follow, max-snippet:-1, max-image-preview:large, max-video-preview:-1\" \/>\n<link rel=\"canonical\" href=\"https:\/\/digital1s3.perdigital.cl\/sitio1\/2026\/04\/20\/paula-un-icono-de-la-prensa-femenina-chilena\/\" \/>\n<meta property=\"og:locale\" content=\"es_ES\" \/>\n<meta property=\"og:type\" content=\"article\" \/>\n<meta property=\"og:title\" content=\"Paula: Un icono de la prensa femenina chilena - sitio1\" \/>\n<meta property=\"og:description\" content=\"Un recorrido por la historia de Revista Paula, su impacto en la prensa chilena y c\u00f3mo ha logrado adaptarse a los cambios del mundo digital sin perder su escencia\" \/>\n<meta property=\"og:url\" content=\"https:\/\/digital1s3.perdigital.cl\/sitio1\/2026\/04\/20\/paula-un-icono-de-la-prensa-femenina-chilena\/\" \/>\n<meta property=\"og:site_name\" content=\"sitio1\" \/>\n<meta property=\"article:published_time\" content=\"2026-04-21T00:29:28+00:00\" \/>\n<meta property=\"article:modified_time\" content=\"2026-04-23T13:14:26+00:00\" \/>\n<meta property=\"og:image\" content=\"https:\/\/digital1s3.perdigital.cl\/sitio1\/wp-content\/uploads\/sites\/2\/2026\/04\/Diseno-sin-titulo-2-scaled.jpeg\" \/>\n\t<meta property=\"og:image:width\" content=\"2560\" \/>\n\t<meta property=\"og:image:height\" content=\"1280\" \/>\n\t<meta property=\"og:image:type\" content=\"image\/jpeg\" \/>\n<meta name=\"author\" content=\"constanza\" \/>\n<meta name=\"twitter:card\" content=\"summary_large_image\" \/>\n<meta name=\"twitter:label1\" content=\"Escrito por\" \/>\n\t<meta name=\"twitter:data1\" content=\"constanza\" \/>\n\t<meta name=\"twitter:label2\" content=\"Tiempo estimado de lectura\" \/>\n\t<meta name=\"twitter:data2\" content=\"3 minutos\" \/>\n<script type=\"application\/ld+json\" class=\"yoast-schema-graph\">{\"@context\":\"https:\/\/schema.org\",\"@graph\":[{\"@type\":\"Article\",\"@id\":\"https:\/\/digital1s3.perdigital.cl\/sitio1\/2026\/04\/20\/paula-un-icono-de-la-prensa-femenina-chilena\/#article\",\"isPartOf\":{\"@id\":\"https:\/\/digital1s3.perdigital.cl\/sitio1\/2026\/04\/20\/paula-un-icono-de-la-prensa-femenina-chilena\/\"},\"author\":{\"name\":\"constanza\",\"@id\":\"https:\/\/digital1s3.perdigital.cl\/sitio1\/#\/schema\/person\/6f6e42eae54f7543cff00754bf851f02\"},\"headline\":\"Paula: Un icono de la prensa femenina chilena\",\"datePublished\":\"2026-04-21T00:29:28+00:00\",\"dateModified\":\"2026-04-23T13:14:26+00:00\",\"mainEntityOfPage\":{\"@id\":\"https:\/\/digital1s3.perdigital.cl\/sitio1\/2026\/04\/20\/paula-un-icono-de-la-prensa-femenina-chilena\/\"},\"wordCount\":466,\"commentCount\":0,\"image\":{\"@id\":\"https:\/\/digital1s3.perdigital.cl\/sitio1\/2026\/04\/20\/paula-un-icono-de-la-prensa-femenina-chilena\/#primaryimage\"},\"thumbnailUrl\":\"https:\/\/digital1s3.perdigital.cl\/sitio1\/wp-content\/uploads\/sites\/2\/2026\/04\/Diseno-sin-titulo-2-scaled.jpeg\",\"keywords\":[\"Medios digitales\",\"Periodismo chileno\",\"Revista paula\",\"Revistas\"],\"articleSection\":[\"Conociendo Paula\"],\"inLanguage\":\"es-CL\",\"potentialAction\":[{\"@type\":\"CommentAction\",\"name\":\"Comment\",\"target\":[\"https:\/\/digital1s3.perdigital.cl\/sitio1\/2026\/04\/20\/paula-un-icono-de-la-prensa-femenina-chilena\/#respond\"]}]},{\"@type\":\"WebPage\",\"@id\":\"https:\/\/digital1s3.perdigital.cl\/sitio1\/2026\/04\/20\/paula-un-icono-de-la-prensa-femenina-chilena\/\",\"url\":\"https:\/\/digital1s3.perdigital.cl\/sitio1\/2026\/04\/20\/paula-un-icono-de-la-prensa-femenina-chilena\/\",\"name\":\"Paula: Un icono de la prensa femenina chilena - sitio1\",\"isPartOf\":{\"@id\":\"https:\/\/digital1s3.perdigital.cl\/sitio1\/#website\"},\"primaryImageOfPage\":{\"@id\":\"https:\/\/digital1s3.perdigital.cl\/sitio1\/2026\/04\/20\/paula-un-icono-de-la-prensa-femenina-chilena\/#primaryimage\"},\"image\":{\"@id\":\"https:\/\/digital1s3.perdigital.cl\/sitio1\/2026\/04\/20\/paula-un-icono-de-la-prensa-femenina-chilena\/#primaryimage\"},\"thumbnailUrl\":\"https:\/\/digital1s3.perdigital.cl\/sitio1\/wp-content\/uploads\/sites\/2\/2026\/04\/Diseno-sin-titulo-2-scaled.jpeg\",\"datePublished\":\"2026-04-21T00:29:28+00:00\",\"dateModified\":\"2026-04-23T13:14:26+00:00\",\"author\":{\"@id\":\"https:\/\/digital1s3.perdigital.cl\/sitio1\/#\/schema\/person\/6f6e42eae54f7543cff00754bf851f02\"},\"breadcrumb\":{\"@id\":\"https:\/\/digital1s3.perdigital.cl\/sitio1\/2026\/04\/20\/paula-un-icono-de-la-prensa-femenina-chilena\/#breadcrumb\"},\"inLanguage\":\"es-CL\",\"potentialAction\":[{\"@type\":\"ReadAction\",\"target\":[\"https:\/\/digital1s3.perdigital.cl\/sitio1\/2026\/04\/20\/paula-un-icono-de-la-prensa-femenina-chilena\/\"]}]},{\"@type\":\"ImageObject\",\"inLanguage\":\"es-CL\",\"@id\":\"https:\/\/digital1s3.perdigital.cl\/sitio1\/2026\/04\/20\/paula-un-icono-de-la-prensa-femenina-chilena\/#primaryimage\",\"url\":\"https:\/\/digital1s3.perdigital.cl\/sitio1\/wp-content\/uploads\/sites\/2\/2026\/04\/Diseno-sin-titulo-2-scaled.jpeg\",\"contentUrl\":\"https:\/\/digital1s3.perdigital.cl\/sitio1\/wp-content\/uploads\/sites\/2\/2026\/04\/Diseno-sin-titulo-2-scaled.jpeg\",\"width\":2560,\"height\":1280},{\"@type\":\"BreadcrumbList\",\"@id\":\"https:\/\/digital1s3.perdigital.cl\/sitio1\/2026\/04\/20\/paula-un-icono-de-la-prensa-femenina-chilena\/#breadcrumb\",\"itemListElement\":[{\"@type\":\"ListItem\",\"position\":1,\"name\":\"Portada\",\"item\":\"https:\/\/digital1s3.perdigital.cl\/sitio1\/\"},{\"@type\":\"ListItem\",\"position\":2,\"name\":\"Paula: Un icono de la prensa femenina chilena\"}]},{\"@type\":\"WebSite\",\"@id\":\"https:\/\/digital1s3.perdigital.cl\/sitio1\/#website\",\"url\":\"https:\/\/digital1s3.perdigital.cl\/sitio1\/\",\"name\":\"sitio1\",\"description\":\"\",\"potentialAction\":[{\"@type\":\"SearchAction\",\"target\":{\"@type\":\"EntryPoint\",\"urlTemplate\":\"https:\/\/digital1s3.perdigital.cl\/sitio1\/?s={search_term_string}\"},\"query-input\":{\"@type\":\"PropertyValueSpecification\",\"valueRequired\":true,\"valueName\":\"search_term_string\"}}],\"inLanguage\":\"es-CL\"},{\"@type\":\"Person\",\"@id\":\"https:\/\/digital1s3.perdigital.cl\/sitio1\/#\/schema\/person\/6f6e42eae54f7543cff00754bf851f02\",\"name\":\"constanza\",\"image\":{\"@type\":\"ImageObject\",\"inLanguage\":\"es-CL\",\"@id\":\"https:\/\/digital1s3.perdigital.cl\/sitio1\/#\/schema\/person\/image\/\",\"url\":\"https:\/\/secure.gravatar.com\/avatar\/0965dd5f32cc30379437df0f8477e9e30efde8fbdf43972a26bed3c422f43200?s=96&d=mm&r=g\",\"contentUrl\":\"https:\/\/secure.gravatar.com\/avatar\/0965dd5f32cc30379437df0f8477e9e30efde8fbdf43972a26bed3c422f43200?s=96&d=mm&r=g\",\"caption\":\"constanza\"},\"url\":\"https:\/\/digital1s3.perdigital.cl\/sitio1\/author\/constanza\/\"}]}<\/script>\n<!-- \/ Yoast SEO plugin. -->","yoast_head_json":{"title":"Paula: Un icono de la prensa femenina chilena - sitio1","robots":{"index":"index","follow":"follow","max-snippet":"max-snippet:-1","max-image-preview":"max-image-preview:large","max-video-preview":"max-video-preview:-1"},"canonical":"https:\/\/digital1s3.perdigital.cl\/sitio1\/2026\/04\/20\/paula-un-icono-de-la-prensa-femenina-chilena\/","og_locale":"es_ES","og_type":"article","og_title":"Paula: Un icono de la prensa femenina chilena - sitio1","og_description":"Un recorrido por la historia de Revista Paula, su impacto en la prensa chilena y c\u00f3mo ha logrado adaptarse a los cambios del mundo digital sin perder su escencia","og_url":"https:\/\/digital1s3.perdigital.cl\/sitio1\/2026\/04\/20\/paula-un-icono-de-la-prensa-femenina-chilena\/","og_site_name":"sitio1","article_published_time":"2026-04-21T00:29:28+00:00","article_modified_time":"2026-04-23T13:14:26+00:00","og_image":[{"width":2560,"height":1280,"url":"https:\/\/digital1s3.perdigital.cl\/sitio1\/wp-content\/uploads\/sites\/2\/2026\/04\/Diseno-sin-titulo-2-scaled.jpeg","type":"image\/jpeg"}],"author":"constanza","twitter_card":"summary_large_image","twitter_misc":{"Escrito por":"constanza","Tiempo estimado de lectura":"3 minutos"},"schema":{"@context":"https:\/\/schema.org","@graph":[{"@type":"Article","@id":"https:\/\/digital1s3.perdigital.cl\/sitio1\/2026\/04\/20\/paula-un-icono-de-la-prensa-femenina-chilena\/#article","isPartOf":{"@id":"https:\/\/digital1s3.perdigital.cl\/sitio1\/2026\/04\/20\/paula-un-icono-de-la-prensa-femenina-chilena\/"},"author":{"name":"constanza","@id":"https:\/\/digital1s3.perdigital.cl\/sitio1\/#\/schema\/person\/6f6e42eae54f7543cff00754bf851f02"},"headline":"Paula: Un icono de la prensa femenina chilena","datePublished":"2026-04-21T00:29:28+00:00","dateModified":"2026-04-23T13:14:26+00:00","mainEntityOfPage":{"@id":"https:\/\/digital1s3.perdigital.cl\/sitio1\/2026\/04\/20\/paula-un-icono-de-la-prensa-femenina-chilena\/"},"wordCount":466,"commentCount":0,"image":{"@id":"https:\/\/digital1s3.perdigital.cl\/sitio1\/2026\/04\/20\/paula-un-icono-de-la-prensa-femenina-chilena\/#primaryimage"},"thumbnailUrl":"https:\/\/digital1s3.perdigital.cl\/sitio1\/wp-content\/uploads\/sites\/2\/2026\/04\/Diseno-sin-titulo-2-scaled.jpeg","keywords":["Medios digitales","Periodismo chileno","Revista paula","Revistas"],"articleSection":["Conociendo Paula"],"inLanguage":"es-CL","potentialAction":[{"@type":"CommentAction","name":"Comment","target":["https:\/\/digital1s3.perdigital.cl\/sitio1\/2026\/04\/20\/paula-un-icono-de-la-prensa-femenina-chilena\/#respond"]}]},{"@type":"WebPage","@id":"https:\/\/digital1s3.perdigital.cl\/sitio1\/2026\/04\/20\/paula-un-icono-de-la-prensa-femenina-chilena\/","url":"https:\/\/digital1s3.perdigital.cl\/sitio1\/2026\/04\/20\/paula-un-icono-de-la-prensa-femenina-chilena\/","name":"Paula: Un icono de la prensa femenina chilena - sitio1","isPartOf":{"@id":"https:\/\/digital1s3.perdigital.cl\/sitio1\/#website"},"primaryImageOfPage":{"@id":"https:\/\/digital1s3.perdigital.cl\/sitio1\/2026\/04\/20\/paula-un-icono-de-la-prensa-femenina-chilena\/#primaryimage"},"image":{"@id":"https:\/\/digital1s3.perdigital.cl\/sitio1\/2026\/04\/20\/paula-un-icono-de-la-prensa-femenina-chilena\/#primaryimage"},"thumbnailUrl":"https:\/\/digital1s3.perdigital.cl\/sitio1\/wp-content\/uploads\/sites\/2\/2026\/04\/Diseno-sin-titulo-2-scaled.jpeg","datePublished":"2026-04-21T00:29:28+00:00","dateModified":"2026-04-23T13:14:26+00:00","author":{"@id":"https:\/\/digital1s3.perdigital.cl\/sitio1\/#\/schema\/person\/6f6e42eae54f7543cff00754bf851f02"},"breadcrumb":{"@id":"https:\/\/digital1s3.perdigital.cl\/sitio1\/2026\/04\/20\/paula-un-icono-de-la-prensa-femenina-chilena\/#breadcrumb"},"inLanguage":"es-CL","potentialAction":[{"@type":"ReadAction","target":["https:\/\/digital1s3.perdigital.cl\/sitio1\/2026\/04\/20\/paula-un-icono-de-la-prensa-femenina-chilena\/"]}]},{"@type":"ImageObject","inLanguage":"es-CL","@id":"https:\/\/digital1s3.perdigital.cl\/sitio1\/2026\/04\/20\/paula-un-icono-de-la-prensa-femenina-chilena\/#primaryimage","url":"https:\/\/digital1s3.perdigital.cl\/sitio1\/wp-content\/uploads\/sites\/2\/2026\/04\/Diseno-sin-titulo-2-scaled.jpeg","contentUrl":"https:\/\/digital1s3.perdigital.cl\/sitio1\/wp-content\/uploads\/sites\/2\/2026\/04\/Diseno-sin-titulo-2-scaled.jpeg","width":2560,"height":1280},{"@type":"BreadcrumbList","@id":"https:\/\/digital1s3.perdigital.cl\/sitio1\/2026\/04\/20\/paula-un-icono-de-la-prensa-femenina-chilena\/#breadcrumb","itemListElement":[{"@type":"ListItem","position":1,"name":"Portada","item":"https:\/\/digital1s3.perdigital.cl\/sitio1\/"},{"@type":"ListItem","position":2,"name":"Paula: Un icono de la prensa femenina chilena"}]},{"@type":"WebSite","@id":"https:\/\/digital1s3.perdigital.cl\/sitio1\/#website","url":"https:\/\/digital1s3.perdigital.cl\/sitio1\/","name":"sitio1","description":"","potentialAction":[{"@type":"SearchAction","target":{"@type":"EntryPoint","urlTemplate":"https:\/\/digital1s3.perdigital.cl\/sitio1\/?s={search_term_string}"},"query-input":{"@type":"PropertyValueSpecification","valueRequired":true,"valueName":"search_term_string"}}],"inLanguage":"es-CL"},{"@type":"Person","@id":"https:\/\/digital1s3.perdigital.cl\/sitio1\/#\/schema\/person\/6f6e42eae54f7543cff00754bf851f02","name":"constanza","image":{"@type":"ImageObject","inLanguage":"es-CL","@id":"https:\/\/digital1s3.perdigital.cl\/sitio1\/#\/schema\/person\/image\/","url":"https:\/\/secure.gravatar.com\/avatar\/0965dd5f32cc30379437df0f8477e9e30efde8fbdf43972a26bed3c422f43200?s=96&d=mm&r=g","contentUrl":"https:\/\/secure.gravatar.com\/avatar\/0965dd5f32cc30379437df0f8477e9e30efde8fbdf43972a26bed3c422f43200?s=96&d=mm&r=g","caption":"constanza"},"url":"https:\/\/digital1s3.perdigital.cl\/sitio1\/author\/constanza\/"}]}},"_links":{"self":[{"href":"https:\/\/digital1s3.perdigital.cl\/sitio1\/wp-json\/wp\/v2\/posts\/11","targetHints":{"allow":["GET"]}}],"collection":[{"href":"https:\/\/digital1s3.perdigital.cl\/sitio1\/wp-json\/wp\/v2\/posts"}],"about":[{"href":"https:\/\/digital1s3.perdigital.cl\/sitio1\/wp-json\/wp\/v2\/types\/post"}],"author":[{"embeddable":true,"href":"https:\/\/digital1s3.perdigital.cl\/sitio1\/wp-json\/wp\/v2\/users\/3"}],"replies":[{"embeddable":true,"href":"https:\/\/digital1s3.perdigital.cl\/sitio1\/wp-json\/wp\/v2\/comments?post=11"}],"version-history":[{"count":5,"href":"https:\/\/digital1s3.perdigital.cl\/sitio1\/wp-json\/wp\/v2\/posts\/11\/revisions"}],"predecessor-version":[{"id":32,"href":"https:\/\/digital1s3.perdigital.cl\/sitio1\/wp-json\/wp\/v2\/posts\/11\/revisions\/32"}],"wp:featuredmedia":[{"embeddable":true,"href":"https:\/\/digital1s3.perdigital.cl\/sitio1\/wp-json\/wp\/v2\/media\/15"}],"wp:attachment":[{"href":"https:\/\/digital1s3.perdigital.cl\/sitio1\/wp-json\/wp\/v2\/media?parent=11"}],"wp:term":[{"taxonomy":"category","embeddable":true,"href":"https:\/\/digital1s3.perdigital.cl\/sitio1\/wp-json\/wp\/v2\/categories?post=11"},{"taxonomy":"post_tag","embeddable":true,"href":"https:\/\/digital1s3.perdigital.cl\/sitio1\/wp-json\/wp\/v2\/tags?post=11"}],"curies":[{"name":"wp","href":"https:\/\/api.w.org\/{rel}","templated":true}]}}